{"id":1668,"date":"2017-12-26T10:44:24","date_gmt":"2017-12-26T09:44:24","guid":{"rendered":"https:\/\/www.rajapack.be\/blog-be\/?p=1668"},"modified":"2024-03-19T08:22:32","modified_gmt":"2024-03-19T07:22:32","slug":"raja-sur-webwinkel-vakdagen","status":"publish","type":"post","link":"https:\/\/www.rajapack.be\/blog-be\/raja-sur-webwinkel-vakdagen","title":{"rendered":"Webwinkel Vakdagen : d\u00e9couvrez nos derni\u00e8res solutions e-commerce"},"content":{"rendered":"<div class=\"su-spacer\" style=\"height:20px\"><\/div>\n<p style=\"text-align: justify;\">Le <a href=\"https:\/\/www.webwinkelvakdagen.nl\/en\" target=\"_blank\" rel=\"noopener\">Webwinkel Vakdagen<\/a> est le plus grand salon de l\u2019e-commerce au Benelux. La prochaine \u00e9dition aura lieu le 23 et 24 janvier 2019 \u00e0 Utrecht, aux Pays-Bas.\u00a0<span style=\"text-align: justify;\">Depuis 12 ans, le Webwinkel Vakdagen est le point de rencontre des professionnels actifs dans le secteur de l\u2019e-commerce. L\u2019\u00e9dition de 2018 a accueilli 13.000 visiteurs et r\u00e9uni des centaines d\u2019exposants. Vous pouvez y jeter un \u0153il sur les derni\u00e8res \u00e9volutions ou y rencontrer les nouveaux acteurs dans le secteur. Le Webwinkel Vakdagen est LA sc\u00e8ne id\u00e9ale pour s\u2019inspirer des\u00a0<\/span>derni\u00e8res <strong style=\"text-align: justify;\">solutions e-commerce de l\u2019emballage<\/strong><span style=\"text-align: justify;\">.<\/span><\/p>\n<div class=\"su-spacer\" style=\"height:20px\"><\/div>\n<p style=\"text-align: justify;\"><div class=\"su-quote su-quote-style-default su-quote-has-cite\"><div class=\"su-quote-inner su-u-clearfix su-u-trim\">\n<p style=\"text-align: justify;\">Notre vision de l&#8217;emballage a commenc\u00e9 \u00e0 changer&#8230; En plus de devoir emballer et prot\u00e9ger, un emballage est aussi devenu un moyen de communication. Il va de soi qu\u2019il y a de plus en plus de demande pour des caisses et sacs personnalis\u00e9s. De plus, c\u2019est un vrai de d\u00e9fi g\u00e9rer les frais au niveau logistique. Une soci\u00e9t\u00e9 sp\u00e9cialis\u00e9e dans l\u2019e-commerce doit veiller \u00e0 fournir son produit au plus vite chez le client, le tout avec un emballage parfaitement adapt\u00e9. Gr\u00e2ce \u00e0 plus de 20 ans d\u2019exp\u00e9rience, RAJAPACK dispose de toute l\u2019expertise n\u00e9cessaire pour offrir les meilleurs emballages selon les besoins de chaque entreprise.<\/p>\n<span class=\"su-quote-cite\">Bart Lambrecht, Marketing Manager chez RAJAPACK Benelux.<\/span><\/div><\/div>\n<div class=\"su-spacer\" style=\"height:20px\"><\/div>\n<div class=\"su-spacer\" style=\"height:20px\"><\/div>\n<h2><span style=\"color: #000000;\"><strong>Top cinq des emballages e-commerce pour le Webwinkel Vakdagen<\/strong><\/span><\/h2>\n<div class=\"su-spacer\" style=\"height:20px\"><\/div>\n<p style=\"text-align: justify;\">D\u00fb \u00e0 la forte croissance dans le secteur du e-commerce, nous avons vu appara\u00eetre de nouvelles difficult\u00e9s. Au niveau de la logistique et du processus de l\u2019emballage, vous devez toujours veiller \u00e0 ce que vos produits soient bien prot\u00e9g\u00e9s et arrivent en un minimum de temps \u00e0 destination. Lors du Webwinkel Vakdagen, vous pourrez faire connaissance avec quelques <a href=\"https:\/\/www.rajapack.be\/fr_BE\/e-commerce_cms_000068.html\">emballages e-commerce <\/a>tr\u00e8s sp\u00e9cifiques :<\/p>\n<div class=\"su-spacer\" style=\"height:20px\"><\/div>\n<h3><span style=\"color: #1e4fb0;\"><strong><span style=\"color: #d52f13;\">\u25ba<\/span><\/strong><\/span><strong>\u00a0<\/strong><span style=\"color: #276ef1;\"><strong>1. Produits alimentaires et boissons<\/strong><\/span><\/h3>\n<div class=\"su-spacer\" style=\"height:20px\"><\/div>\n<p style=\"text-align: justify;\">Nous vivons dans un monde dans lequel il est possible de commander n\u2019importe quel produit en ligne \u2013 ce qui vaut aussi pour des produits alimentaires et des boissons. Pour l\u2019exp\u00e9dition de tels produits, il est conseill\u00e9 d\u2019utiliser des sacs ou <a href=\"https:\/\/www.rajapack.be\/fr_BE\/caisses-cartons-boites\/caisses-isothermes_C104024.html\">caisses isothermes<\/a>. Vos produits p\u00e9rissables sont alors parfaitement prot\u00e9g\u00e9s des variations de temp\u00e9rature.\u00a0Vous \u00eates une boutique en ligne active dans le secteur vinicole ? Dans ce cas, il est pr\u00e9f\u00e9rable d&#8217;envoyer vos bouteilles dans <a href=\"https:\/\/www.rajapack.be\/blog-be\/caisse-a-vin-en-carton\/\" target=\"_blank\" rel=\"noopener noreferrer\">une caisse \u00e0 vin appropri\u00e9e<\/a>.<\/p>\n<div class=\"su-spacer\" style=\"height:20px\"><\/div>\n<p><img loading=\"lazy\" decoding=\"async\" class=\"aligncenter wp-image-18010 size-full\" style=\"text-align: justify;\" src=\"https:\/\/www.rajapack.be\/blog-be\/wp-content\/uploads\/2017\/12\/Flesverpakkingen-1.jpg\" alt=\"Astuces pour Webwinkel Vakdagen : emballer avec une caisse \u00e0 vin pour votre entreprise e-commerce\" width=\"680\" height=\"202\" srcset=\"https:\/\/www.rajapack.be\/blog-be\/wp-content\/uploads\/2017\/12\/Flesverpakkingen-1.jpg 680w, https:\/\/www.rajapack.be\/blog-be\/wp-content\/uploads\/2017\/12\/Flesverpakkingen-1-300x89.jpg 300w\" sizes=\"(max-width: 680px) 100vw, 680px\" \/><\/p>\n<div class=\"su-spacer\" style=\"height:20px\"><\/div>\n<div class=\"su-spacer\" style=\"height:20px\"><\/div>\n<h3><span style=\"color: #1e4fb0;\"><strong><span style=\"color: #d52f13;\">\u25ba<span style=\"color: #276ef1;\">\u00a0<\/span><\/span><\/strong><span style=\"color: #276ef1;\"><strong>2. Livres et l&#8217;\u00e9lectronique<\/strong><\/span><\/span><\/h3>\n<div class=\"su-spacer\" style=\"height:20px\"><\/div>\n<p style=\"text-align: justify;\">Vous pouvez facilement <a href=\"https:\/\/www.rajapack.be\/blog-be\/comment-envoyer-un-livre\/\" target=\"_blank\" rel=\"noopener noreferrer\">envoyer un livre<\/a> selon les r\u00e8gles avec un emballage appropri\u00e9. Sans devoir avoir recours \u00e0 quelconque calage superflu, nos emballages se fermeront parfaitement autour de votre livre et le prot\u00e9geront des chocs. Cette protection est \u00e9galement utile et n\u00e9cessaire pour l\u2019envoi de pi\u00e8ces \u00e9lectroniques. Avec un emballage adapt\u00e9, vos liseuses, tablettes, smartphones, etc., atteindront leur destination finale en toute s\u00e9curit\u00e9.<\/p>\n<div class=\"su-spacer\" style=\"height:20px\"><\/div>\n<p><img loading=\"lazy\" decoding=\"async\" class=\"aligncenter wp-image-18012 size-full\" style=\"text-align: justify;\" src=\"https:\/\/www.rajapack.be\/blog-be\/wp-content\/uploads\/2017\/12\/Boekverpakkingen-1.jpg\" alt=\"Caisse pour livres\" width=\"680\" height=\"203\" srcset=\"https:\/\/www.rajapack.be\/blog-be\/wp-content\/uploads\/2017\/12\/Boekverpakkingen-1.jpg 680w, https:\/\/www.rajapack.be\/blog-be\/wp-content\/uploads\/2017\/12\/Boekverpakkingen-1-300x90.jpg 300w\" sizes=\"(max-width: 680px) 100vw, 680px\" \/><\/p>\n<div class=\"su-spacer\" style=\"height:20px\"><\/div>\n<div class=\"su-spacer\" style=\"height:20px\"><\/div>\n<h3><span style=\"color: #1e4fb0;\"><strong><span style=\"color: #d52f13;\">\u25ba<span style=\"color: #276ef1;\">\u00a0<\/span><\/span><\/strong><span style=\"color: #276ef1;\"><strong>3. V\u00eatements<\/strong><\/span><\/span><\/h3>\n<div class=\"su-spacer\" style=\"height:20px\"><\/div>\n<p style=\"text-align: justify;\">Chaque consommateur aime avoir la libert\u00e9 de tester un produit et de le r\u00e9exp\u00e9dier apr\u00e8s. Cette r\u00e8gle s\u2019applique surtout aux boutiques en ligne qui vendent des v\u00eatements. Si une pi\u00e8ce ne convient pas, vous voulez pouvoir la r\u00e9exp\u00e9dier facilement, non ? Une caisse avec une fermeture \u00ab\u00a0<a href=\"https:\/\/www.rajapack.be\/blog-be\/retour-en-caisse\/\" target=\"_blank\" rel=\"noopener noreferrer\">aller-retour<\/a>\u00a0\u00bb est alors une bonne solution. Ces caisses ont deux fermetures adh\u00e9sives\u00a0: une premi\u00e8re avec laquelle votre magasinier ferme la caisse, et une deuxi\u00e8me avec laquelle votre client peut refermer la caisse et la r\u00e9exp\u00e9dier. Votre client ne perd donc pas de temps \u00e0 chercher une nouvelle caisse et vous, vous \u00eates s\u00fbr que vos produits arrivent chez vous emball\u00e9s dans une caisse ad\u00e9quate.<\/p>\n<div class=\"su-spacer\" style=\"height:20px\"><\/div>\n<p><img loading=\"lazy\" decoding=\"async\" class=\"aligncenter wp-image-18013 size-full\" style=\"text-align: justify;\" src=\"https:\/\/www.rajapack.be\/blog-be\/wp-content\/uploads\/2017\/12\/Retourverpakkingen-1.jpg\" alt=\"Caisse \u00e0 fermeture aller-retour pour e-commerce\" width=\"680\" height=\"203\" srcset=\"https:\/\/www.rajapack.be\/blog-be\/wp-content\/uploads\/2017\/12\/Retourverpakkingen-1.jpg 680w, https:\/\/www.rajapack.be\/blog-be\/wp-content\/uploads\/2017\/12\/Retourverpakkingen-1-300x90.jpg 300w\" sizes=\"(max-width: 680px) 100vw, 680px\" \/><\/p>\n<div class=\"su-spacer\" style=\"height:20px\"><\/div>\n<div class=\"su-spacer\" style=\"height:20px\"><\/div>\n<h3><span style=\"color: #1e4fb0;\"><strong><span style=\"color: #d52f13;\">\u25ba\u00a0<\/span><\/strong><span style=\"color: #276ef1;\"><strong>4. Emballages \u00e0 hauteur variable<\/strong><\/span><\/span><\/h3>\n<div class=\"su-spacer\" style=\"height:20px\"><\/div>\n<p style=\"text-align: justify;\">Ce type de caisses s\u2019adapte parfaitement \u00e0 la taille de votre produit. Une <a href=\"https:\/\/www.rajapack.be\/fr_BE\/caisses-cartons-boites\/boites-caisses-telescopiques-hauteur-variable_C102010.html\">caisse \u00e0 hauteur variable<\/a> a deux grands avantages. Tout d\u2019abord, vous devez avoir moins de caisses en stock et donc pr\u00e9voir moins de place dans votre d\u00e9p\u00f4t. En deuxi\u00e8me lieu, vu que votre caisse s\u2019adapte en hauteur, elle doit \u00eatre remplie avec moins de mat\u00e9riel de calage. Cela vous permet alors de gagner beaucoup d\u2019argent au niveau de l\u2019achat du mat\u00e9riel de calage. C\u2019est bien pour votre porte-monnaie, mais \u00e9galement pour l\u2019environnement, vu que moins de mat\u00e9riel de calage \u00e9quivaut \u00e0 une empreinte \u00e9cologique plus petite.<\/p>\n<div class=\"su-spacer\" style=\"height:20px\"><\/div>\n<p><img loading=\"lazy\" decoding=\"async\" class=\"aligncenter size-full wp-image-17928\" src=\"https:\/\/www.rajapack.be\/blog-be\/wp-content\/uploads\/2018\/03\/Autolockdoos-met-variabele-vulhoogte-2.jpg\" alt=\"Caisse \u00e0 hauteur variable pour e-commerce\" width=\"700\" height=\"134\" srcset=\"https:\/\/www.rajapack.be\/blog-be\/wp-content\/uploads\/2018\/03\/Autolockdoos-met-variabele-vulhoogte-2.jpg 700w, https:\/\/www.rajapack.be\/blog-be\/wp-content\/uploads\/2018\/03\/Autolockdoos-met-variabele-vulhoogte-2-300x57.jpg 300w\" sizes=\"(max-width: 700px) 100vw, 700px\" \/><\/p>\n<div class=\"su-spacer\" style=\"height:20px\"><\/div>\n<div class=\"su-spacer\" style=\"height:20px\"><\/div>\n<h3><span style=\"color: #1e4fb0;\"><strong><span style=\"color: #d52f13;\">\u25ba<span style=\"color: #276ef1;\">\u00a0<\/span><\/span><\/strong><span style=\"color: #276ef1;\"><strong>5. Emballages \u00e0 fond automatique<\/strong><\/span><\/span><\/h3>\n<div class=\"su-spacer\" style=\"height:20px\"><\/div>\n<p style=\"text-align: justify;\">Une cinqui\u00e8me solution avec laquelle vous gagnerez consid\u00e9rablement de temps sera l\u2019usage d\u2019une <a href=\"https:\/\/www.rajapack.be\/blog-be\/gagnez-du-temps-avec-une-caisse-a-fond-automatique\/\">caisse \u00e0 fond automatique<\/a>. Elle se forme automatiquement via une simple pression sur les c\u00f4t\u00e9s. Cela vous permet de gagner un temps pr\u00e9cieux \u00e0 votre poste d\u2019emballage.\u00a0 Nos experts de l\u2019emballage ont fait le teste eux-m\u00eames dans la vid\u00e9o ci-dessous. En quelques secondes, la caisse \u00e9tait droite et pr\u00eate \u00e0 \u00eatre envoy\u00e9e\u00a0!<\/p>\n<div class=\"su-spacer\" style=\"height:20px\"><\/div>\n<div class=\"su-spacer\" style=\"height:20px\"><\/div>\n<p><iframe loading=\"lazy\" title=\"Caisse \u00e0 montage instantan\u00e9 : gain de temps ! | RAJA\" width=\"850\" height=\"478\" src=\"https:\/\/www.youtube.com\/embed\/93BdaGPtGr0?feature=oembed\" frameborder=\"0\" allow=\"accelerometer; autoplay; clipboard-write; encrypted-media; gyroscope; picture-in-picture; web-share\" allowfullscreen><\/iframe><\/p>\n","protected":false},"excerpt":{"rendered":"<p>Le Webwinkel Vakdagen est le plus grand salon de l\u2019e-commerce au Benelux. La prochaine \u00e9dition aura lieu le 23 et 24 janvier 2019 \u00e0 Utrecht, aux Pays-Bas.\u00a0Depuis 12 ans, le [&#8230;]<\/p>\n","protected":false},"author":64,"featured_media":3743,"comment_status":"open","ping_status":"closed","sticky":false,"template":"","format":"standard","meta":{"_acf_changed":false,"footnotes":""},"categories":[695],"tags":[806,804,844],"class_list":["post-1668","post","type-post","status-publish","format-standard","has-post-thumbnail","hentry","category-ecommerce","tag-caisse-sur-mesure","tag-emballage-compact","tag-emballage-rapide"],"acf":[],"yoast_head":"<!-- This site is optimized with the Yoast SEO plugin v23.0 - https:\/\/yoast.com\/wordpress\/plugins\/seo\/ -->\n<title>Rencontrez RAJA sur Webwinkel Vakdagen | RAJAPACK Blog<\/title>\n<meta name=\"description\" content=\"Rencontrez les sp\u00e9cialistes de RAJAPACK sur le Webwinkel Vakdagen en janvier \u00e0 Utrecht. D\u00e9couvrez-y toutes les solutions pour votre e-commerce !\" \/>\n<meta name=\"robots\" content=\"index, follow, max-snippet:-1, max-image-preview:large, max-video-preview:-1\" \/>\n<link rel=\"canonical\" href=\"https:\/\/www.rajapack.be\/blog-be\/raja-sur-webwinkel-vakdagen\" \/>\n<meta property=\"og:locale\" content=\"nl_BE\" \/>\n<meta property=\"og:type\" content=\"article\" \/>\n<meta property=\"og:title\" content=\"Rencontrez RAJA sur Webwinkel Vakdagen | RAJAPACK Blog\" \/>\n<meta property=\"og:description\" content=\"Rencontrez les sp\u00e9cialistes de RAJAPACK sur le Webwinkel Vakdagen en janvier \u00e0 Utrecht. D\u00e9couvrez-y toutes les solutions pour votre e-commerce !\" \/>\n<meta property=\"og:url\" content=\"https:\/\/www.rajapack.be\/blog-be\/raja-sur-webwinkel-vakdagen\" \/>\n<meta property=\"og:site_name\" content=\"RAJA Blog\" \/>\n<meta property=\"article:publisher\" content=\"https:\/\/www.facebook.com\/rajapackbenelux\" \/>\n<meta property=\"article:published_time\" content=\"2017-12-26T09:44:24+00:00\" \/>\n<meta property=\"article:modified_time\" content=\"2024-03-19T07:22:32+00:00\" \/>\n<meta property=\"og:image\" content=\"https:\/\/www.rajapack.be\/blog-be\/wp-content\/uploads\/2017\/12\/E-commerce-verpakkingen-WWV-1.jpg\" \/>\n\t<meta property=\"og:image:width\" content=\"812\" \/>\n\t<meta property=\"og:image:height\" content=\"487\" \/>\n\t<meta property=\"og:image:type\" content=\"image\/jpeg\" \/>\n<meta name=\"author\" content=\"Arne\" \/>\n<meta name=\"twitter:card\" content=\"summary_large_image\" \/>\n<meta name=\"twitter:creator\" content=\"@RajaBelgium\" \/>\n<meta name=\"twitter:site\" content=\"@RajaBelgium\" \/>\n<meta name=\"twitter:label1\" content=\"Geschreven door\" \/>\n\t<meta name=\"twitter:data1\" content=\"Arne\" \/>\n\t<meta name=\"twitter:label2\" content=\"Geschatte leestijd\" \/>\n\t<meta name=\"twitter:data2\" content=\"5 minuten\" \/>\n<script type=\"application\/ld+json\" class=\"yoast-schema-graph\">{\n\t    \"@context\": \"https:\/\/schema.org\",\n\t    \"@graph\": [\n\t        {\n\t            \"@type\": \"Article\",\n\t            \"@id\": \"https:\/\/www.rajapack.be\/blog-be\/raja-sur-webwinkel-vakdagen#article\",\n\t            \"isPartOf\": {\n\t                \"@id\": \"https:\/\/www.rajapack.be\/blog-be\/raja-sur-webwinkel-vakdagen\"\n\t            },\n\t            \"author\": {\n\t                \"name\": \"Arne\",\n\t                \"@id\": \"https:\/\/www.rajapack.be\/blog-be\/#\/schema\/person\/57b1d9f661118e1cc24542e70bfbe2b3\"\n\t            },\n\t            \"headline\": \"Webwinkel Vakdagen : d\u00e9couvrez nos derni\u00e8res solutions e-commerce\",\n\t            \"datePublished\": \"2017-12-26T09:44:24+00:00\",\n\t            \"dateModified\": \"2024-03-19T07:22:32+00:00\",\n\t            \"mainEntityOfPage\": {\n\t                \"@id\": \"https:\/\/www.rajapack.be\/blog-be\/raja-sur-webwinkel-vakdagen\"\n\t            },\n\t            \"wordCount\": 854,\n\t            \"commentCount\": 0,\n\t            \"publisher\": {\n\t                \"@id\": \"https:\/\/www.rajapack.be\/blog-be\/#organization\"\n\t            },\n\t            \"image\": {\n\t                \"@id\": \"https:\/\/www.rajapack.be\/blog-be\/raja-sur-webwinkel-vakdagen#primaryimage\"\n\t            },\n\t            \"thumbnailUrl\": \"https:\/\/www.rajapack.be\/blog-be\/wp-content\/uploads\/2017\/12\/E-commerce-verpakkingen-WWV-1.jpg\",\n\t            \"keywords\": [\n\t                \"Caisse sur mesure\",\n\t                \"Emballage compact\",\n\t                \"Emballage rapide\"\n\t            ],\n\t            \"articleSection\": [\n\t                \"Ecommerce\"\n\t            ],\n\t            \"inLanguage\": \"nl-BE\",\n\t            \"potentialAction\": [\n\t                {\n\t                    \"@type\": \"CommentAction\",\n\t                    \"name\": \"Comment\",\n\t                    \"target\": [\n\t                        \"https:\/\/www.rajapack.be\/blog-be\/raja-sur-webwinkel-vakdagen#respond\"\n\t                    ]\n\t                }\n\t            ]\n\t        },\n\t        {\n\t            \"@type\": \"WebPage\",\n\t            \"@id\": \"https:\/\/www.rajapack.be\/blog-be\/raja-sur-webwinkel-vakdagen\",\n\t            \"url\": \"https:\/\/www.rajapack.be\/blog-be\/raja-sur-webwinkel-vakdagen\",\n\t            \"name\": \"Rencontrez RAJA sur Webwinkel Vakdagen | RAJAPACK Blog\",\n\t            \"isPartOf\": {\n\t                \"@id\": \"https:\/\/www.rajapack.be\/blog-be\/#website\"\n\t            },\n\t            \"primaryImageOfPage\": {\n\t                \"@id\": \"https:\/\/www.rajapack.be\/blog-be\/raja-sur-webwinkel-vakdagen#primaryimage\"\n\t            },\n\t            \"image\": {\n\t                \"@id\": \"https:\/\/www.rajapack.be\/blog-be\/raja-sur-webwinkel-vakdagen#primaryimage\"\n\t            },\n\t            \"thumbnailUrl\": \"https:\/\/www.rajapack.be\/blog-be\/wp-content\/uploads\/2017\/12\/E-commerce-verpakkingen-WWV-1.jpg\",\n\t            \"datePublished\": \"2017-12-26T09:44:24+00:00\",\n\t            \"dateModified\": \"2024-03-19T07:22:32+00:00\",\n\t            \"description\": \"Rencontrez les sp\u00e9cialistes de RAJAPACK sur le Webwinkel Vakdagen en janvier \u00e0 Utrecht. D\u00e9couvrez-y toutes les solutions pour votre e-commerce !\",\n\t            \"inLanguage\": \"nl-BE\",\n\t            \"potentialAction\": [\n\t                {\n\t                    \"@type\": \"ReadAction\",\n\t                    \"target\": [\n\t                        \"https:\/\/www.rajapack.be\/blog-be\/raja-sur-webwinkel-vakdagen\"\n\t                    ]\n\t                }\n\t            ]\n\t        },\n\t        {\n\t            \"@type\": \"ImageObject\",\n\t            \"inLanguage\": \"nl-BE\",\n\t            \"@id\": \"https:\/\/www.rajapack.be\/blog-be\/raja-sur-webwinkel-vakdagen#primaryimage\",\n\t            \"url\": \"https:\/\/www.rajapack.be\/blog-be\/wp-content\/uploads\/2017\/12\/E-commerce-verpakkingen-WWV-1.jpg\",\n\t            \"contentUrl\": \"https:\/\/www.rajapack.be\/blog-be\/wp-content\/uploads\/2017\/12\/E-commerce-verpakkingen-WWV-1.jpg\",\n\t            \"width\": 812,\n\t            \"height\": 487,\n\t            \"caption\": \"D\u00e9couvrez les solutions e-commerce de Rajapack sur le Webwinkel Vakdagen 2018\"\n\t        },\n\t        {\n\t            \"@type\": \"WebSite\",\n\t            \"@id\": \"https:\/\/www.rajapack.be\/blog-be\/#website\",\n\t            \"url\": \"https:\/\/www.rajapack.be\/blog-be\/\",\n\t            \"name\": \"RAJA Blog\",\n\t            \"description\": \"Alles over verpakkingen, logistiek en meer\",\n\t            \"publisher\": {\n\t                \"@id\": \"https:\/\/www.rajapack.be\/blog-be\/#organization\"\n\t            },\n\t            \"potentialAction\": [\n\t                {\n\t                    \"@type\": \"SearchAction\",\n\t                    \"target\": {\n\t                        \"@type\": \"EntryPoint\",\n\t                        \"urlTemplate\": \"https:\/\/www.rajapack.be\/blog-be\/?s={search_term_string}\"\n\t                    },\n\t                    \"query-input\": \"required name=search_term_string\"\n\t                }\n\t            ],\n\t            \"inLanguage\": \"nl-BE\"\n\t        },\n\t        {\n\t            \"@type\": \"Organization\",\n\t            \"@id\": \"https:\/\/www.rajapack.be\/blog-be\/#organization\",\n\t            \"name\": \"RAJA Benelux\",\n\t            \"url\": \"https:\/\/www.rajapack.be\/blog-be\/\",\n\t            \"logo\": {\n\t                \"@type\": \"ImageObject\",\n\t                \"inLanguage\": \"nl-BE\",\n\t                \"@id\": \"https:\/\/www.rajapack.be\/blog-be\/#\/schema\/logo\/image\/\",\n\t                \"url\": \"https:\/\/www.rajapack.be\/blog-be\/wp-content\/uploads\/2022\/09\/RAJA-logo-social.png\",\n\t                \"contentUrl\": \"https:\/\/www.rajapack.be\/blog-be\/wp-content\/uploads\/2022\/09\/RAJA-logo-social.png\",\n\t                \"width\": 497,\n\t                \"height\": 491,\n\t                \"caption\": \"RAJA Benelux\"\n\t            },\n\t            \"image\": {\n\t                \"@id\": \"https:\/\/www.rajapack.be\/blog-be\/#\/schema\/logo\/image\/\"\n\t            },\n\t            \"sameAs\": [\n\t                \"https:\/\/www.facebook.com\/rajapackbenelux\",\n\t                \"https:\/\/x.com\/RajaBelgium\"\n\t            ]\n\t        },\n\t        {\n\t            \"@type\": \"Person\",\n\t            \"@id\": \"https:\/\/www.rajapack.be\/blog-be\/#\/schema\/person\/57b1d9f661118e1cc24542e70bfbe2b3\",\n\t            \"name\": \"Arne\",\n\t            \"image\": {\n\t                \"@type\": \"ImageObject\",\n\t                \"inLanguage\": \"nl-BE\",\n\t                \"@id\": \"https:\/\/www.rajapack.be\/blog-be\/#\/schema\/person\/image\/\",\n\t                \"url\": \"https:\/\/secure.gravatar.com\/avatar\/f2bcd48cb1fcf446fc71a87f4162d3ed?s=96&r=g\",\n\t                \"contentUrl\": \"https:\/\/secure.gravatar.com\/avatar\/f2bcd48cb1fcf446fc71a87f4162d3ed?s=96&r=g\",\n\t                \"caption\": \"Arne\"\n\t            },\n\t            \"description\": \"Met een scherp oog voor SEO en een vlotte pen, brengt Arne het verhaal van RAJAPACK's assortiment en vertelt hij over de laatste trends in verpakkingen, logistiek en zoveel meer.\",\n\t            \"url\": \"https:\/\/www.rajapack.be\/blog-be\/author\/arne-leen\"\n\t        }\n\t    ]\n\t}<\/script>\n<!-- \/ Yoast SEO plugin. -->","yoast_head_json":{"title":"Rencontrez RAJA sur Webwinkel Vakdagen | RAJAPACK Blog","description":"Rencontrez les sp\u00e9cialistes de RAJAPACK sur le Webwinkel Vakdagen en janvier \u00e0 Utrecht. D\u00e9couvrez-y toutes les solutions pour votre e-commerce !","robots":{"index":"index","follow":"follow","max-snippet":"max-snippet:-1","max-image-preview":"max-image-preview:large","max-video-preview":"max-video-preview:-1"},"canonical":"https:\/\/www.rajapack.be\/blog-be\/raja-sur-webwinkel-vakdagen","og_locale":"nl_BE","og_type":"article","og_title":"Rencontrez RAJA sur Webwinkel Vakdagen | RAJAPACK Blog","og_description":"Rencontrez les sp\u00e9cialistes de RAJAPACK sur le Webwinkel Vakdagen en janvier \u00e0 Utrecht. D\u00e9couvrez-y toutes les solutions pour votre e-commerce !","og_url":"https:\/\/www.rajapack.be\/blog-be\/raja-sur-webwinkel-vakdagen","og_site_name":"RAJA Blog","article_publisher":"https:\/\/www.facebook.com\/rajapackbenelux","article_published_time":"2017-12-26T09:44:24+00:00","article_modified_time":"2024-03-19T07:22:32+00:00","og_image":[{"width":812,"height":487,"url":"https:\/\/www.rajapack.be\/blog-be\/wp-content\/uploads\/2017\/12\/E-commerce-verpakkingen-WWV-1.jpg","type":"image\/jpeg"}],"author":"Arne","twitter_card":"summary_large_image","twitter_creator":"@RajaBelgium","twitter_site":"@RajaBelgium","twitter_misc":{"Geschreven door":"Arne","Geschatte leestijd":"5 minuten"},"schema":{"@context":"https:\/\/schema.org","@graph":[{"@type":"Article","@id":"https:\/\/www.rajapack.be\/blog-be\/raja-sur-webwinkel-vakdagen#article","isPartOf":{"@id":"https:\/\/www.rajapack.be\/blog-be\/raja-sur-webwinkel-vakdagen"},"author":{"name":"Arne","@id":"https:\/\/www.rajapack.be\/blog-be\/#\/schema\/person\/57b1d9f661118e1cc24542e70bfbe2b3"},"headline":"Webwinkel Vakdagen : d\u00e9couvrez nos derni\u00e8res solutions e-commerce","datePublished":"2017-12-26T09:44:24+00:00","dateModified":"2024-03-19T07:22:32+00:00","mainEntityOfPage":{"@id":"https:\/\/www.rajapack.be\/blog-be\/raja-sur-webwinkel-vakdagen"},"wordCount":854,"commentCount":0,"publisher":{"@id":"https:\/\/www.rajapack.be\/blog-be\/#organization"},"image":{"@id":"https:\/\/www.rajapack.be\/blog-be\/raja-sur-webwinkel-vakdagen#primaryimage"},"thumbnailUrl":"https:\/\/www.rajapack.be\/blog-be\/wp-content\/uploads\/2017\/12\/E-commerce-verpakkingen-WWV-1.jpg","keywords":["Caisse sur mesure","Emballage compact","Emballage rapide"],"articleSection":["Ecommerce"],"inLanguage":"nl-BE","potentialAction":[{"@type":"CommentAction","name":"Comment","target":["https:\/\/www.rajapack.be\/blog-be\/raja-sur-webwinkel-vakdagen#respond"]}]},{"@type":"WebPage","@id":"https:\/\/www.rajapack.be\/blog-be\/raja-sur-webwinkel-vakdagen","url":"https:\/\/www.rajapack.be\/blog-be\/raja-sur-webwinkel-vakdagen","name":"Rencontrez RAJA sur Webwinkel Vakdagen | RAJAPACK Blog","isPartOf":{"@id":"https:\/\/www.rajapack.be\/blog-be\/#website"},"primaryImageOfPage":{"@id":"https:\/\/www.rajapack.be\/blog-be\/raja-sur-webwinkel-vakdagen#primaryimage"},"image":{"@id":"https:\/\/www.rajapack.be\/blog-be\/raja-sur-webwinkel-vakdagen#primaryimage"},"thumbnailUrl":"https:\/\/www.rajapack.be\/blog-be\/wp-content\/uploads\/2017\/12\/E-commerce-verpakkingen-WWV-1.jpg","datePublished":"2017-12-26T09:44:24+00:00","dateModified":"2024-03-19T07:22:32+00:00","description":"Rencontrez les sp\u00e9cialistes de RAJAPACK sur le Webwinkel Vakdagen en janvier \u00e0 Utrecht. D\u00e9couvrez-y toutes les solutions pour votre e-commerce !","inLanguage":"nl-BE","potentialAction":[{"@type":"ReadAction","target":["https:\/\/www.rajapack.be\/blog-be\/raja-sur-webwinkel-vakdagen"]}]},{"@type":"ImageObject","inLanguage":"nl-BE","@id":"https:\/\/www.rajapack.be\/blog-be\/raja-sur-webwinkel-vakdagen#primaryimage","url":"https:\/\/www.rajapack.be\/blog-be\/wp-content\/uploads\/2017\/12\/E-commerce-verpakkingen-WWV-1.jpg","contentUrl":"https:\/\/www.rajapack.be\/blog-be\/wp-content\/uploads\/2017\/12\/E-commerce-verpakkingen-WWV-1.jpg","width":812,"height":487,"caption":"D\u00e9couvrez les solutions e-commerce de Rajapack sur le Webwinkel Vakdagen 2018"},{"@type":"WebSite","@id":"https:\/\/www.rajapack.be\/blog-be\/#website","url":"https:\/\/www.rajapack.be\/blog-be\/","name":"RAJA Blog","description":"Alles over verpakkingen, logistiek en meer","publisher":{"@id":"https:\/\/www.rajapack.be\/blog-be\/#organization"},"potentialAction":[{"@type":"SearchAction","target":{"@type":"EntryPoint","urlTemplate":"https:\/\/www.rajapack.be\/blog-be\/?s={search_term_string}"},"query-input":"required name=search_term_string"}],"inLanguage":"nl-BE"},{"@type":"Organization","@id":"https:\/\/www.rajapack.be\/blog-be\/#organization","name":"RAJA Benelux","url":"https:\/\/www.rajapack.be\/blog-be\/","logo":{"@type":"ImageObject","inLanguage":"nl-BE","@id":"https:\/\/www.rajapack.be\/blog-be\/#\/schema\/logo\/image\/","url":"https:\/\/www.rajapack.be\/blog-be\/wp-content\/uploads\/2022\/09\/RAJA-logo-social.png","contentUrl":"https:\/\/www.rajapack.be\/blog-be\/wp-content\/uploads\/2022\/09\/RAJA-logo-social.png","width":497,"height":491,"caption":"RAJA Benelux"},"image":{"@id":"https:\/\/www.rajapack.be\/blog-be\/#\/schema\/logo\/image\/"},"sameAs":["https:\/\/www.facebook.com\/rajapackbenelux","https:\/\/x.com\/RajaBelgium"]},{"@type":"Person","@id":"https:\/\/www.rajapack.be\/blog-be\/#\/schema\/person\/57b1d9f661118e1cc24542e70bfbe2b3","name":"Arne","image":{"@type":"ImageObject","inLanguage":"nl-BE","@id":"https:\/\/www.rajapack.be\/blog-be\/#\/schema\/person\/image\/","url":"https:\/\/secure.gravatar.com\/avatar\/f2bcd48cb1fcf446fc71a87f4162d3ed?s=96&r=g","contentUrl":"https:\/\/secure.gravatar.com\/avatar\/f2bcd48cb1fcf446fc71a87f4162d3ed?s=96&r=g","caption":"Arne"},"description":"Met een scherp oog voor SEO en een vlotte pen, brengt Arne het verhaal van RAJAPACK's assortiment en vertelt hij over de laatste trends in verpakkingen, logistiek en zoveel meer.","url":"https:\/\/www.rajapack.be\/blog-be\/author\/arne-leen"}]}},"_links":{"self":[{"href":"https:\/\/www.rajapack.be\/blog-be\/wp-json\/wp\/v2\/posts\/1668"}],"collection":[{"href":"https:\/\/www.rajapack.be\/blog-be\/wp-json\/wp\/v2\/posts"}],"about":[{"href":"https:\/\/www.rajapack.be\/blog-be\/wp-json\/wp\/v2\/types\/post"}],"author":[{"embeddable":true,"href":"https:\/\/www.rajapack.be\/blog-be\/wp-json\/wp\/v2\/users\/64"}],"replies":[{"embeddable":true,"href":"https:\/\/www.rajapack.be\/blog-be\/wp-json\/wp\/v2\/comments?post=1668"}],"version-history":[{"count":3,"href":"https:\/\/www.rajapack.be\/blog-be\/wp-json\/wp\/v2\/posts\/1668\/revisions"}],"predecessor-version":[{"id":22749,"href":"https:\/\/www.rajapack.be\/blog-be\/wp-json\/wp\/v2\/posts\/1668\/revisions\/22749"}],"wp:featuredmedia":[{"embeddable":true,"href":"https:\/\/www.rajapack.be\/blog-be\/wp-json\/wp\/v2\/media\/3743"}],"wp:attachment":[{"href":"https:\/\/www.rajapack.be\/blog-be\/wp-json\/wp\/v2\/media?parent=1668"}],"wp:term":[{"taxonomy":"category","embeddable":true,"href":"https:\/\/www.rajapack.be\/blog-be\/wp-json\/wp\/v2\/categories?post=1668"},{"taxonomy":"post_tag","embeddable":true,"href":"https:\/\/www.rajapack.be\/blog-be\/wp-json\/wp\/v2\/tags?post=1668"}],"curies":[{"name":"wp","href":"https:\/\/api.w.org\/{rel}","templated":true}]}}