{"id":20373,"date":"2024-05-29T09:00:50","date_gmt":"2024-05-29T08:00:50","guid":{"rendered":"https:\/\/www.rajapack.be\/blog-be\/?p=20373"},"modified":"2025-09-09T16:23:58","modified_gmt":"2025-09-09T15:23:58","slug":"loi-europeenne-emballage","status":"publish","type":"post","link":"https:\/\/www.rajapack.be\/blog-be\/loi-europeenne-emballage","title":{"rendered":"La loi europ\u00e9enne sur l\u2019emballage : \u00eates-vous pr\u00eat pour l&#8217;avenir\u2009?"},"content":{"rendered":"<div class=\"su-spacer\" style=\"height:20px\"><\/div>\n<p style=\"text-align: justify;\">Avez-vous entendu parler de la \u00ab\u2009PPWR\u2009\u00bb\u2009? C\u2019est une abr\u00e9viation signifiant <em>Packaging and Packaging Waste Regulation<\/em>. Cette \u00ab\u00a0loi europ\u00e9enne sur l&#8217;emballage\u00a0\u00bb, comme nous l&#8217;appelons ici, imposera de nouvelles r\u00e8gles relatives \u00e0 la mani\u00e8re dont nous emballons aujourd&#8217;hui nos produits. C&#8217;est la premi\u00e8re fois que l&#8217;emballage de l\u2019e-commerce est explicitement mentionn\u00e9 dans ce contexte. Raison de plus pour analyser quel impact cela pourrait avoir pour les d\u00e9taillants en ligne et comment RAJAPACK peut d\u00e9j\u00e0 vous aider \u00e0 cet \u00e9gard.<\/p>\n<p style=\"text-align: justify;\">Il s&#8217;agit actuellement d&#8217;une proposition qui devrait entrer en vigueur \u00e0 la mi-2026. Toutefois, il est bon de se pr\u00e9parer d\u00e8s maintenant \u00e0 ce que l&#8217;avenir nous r\u00e9serve. Lisez ce qui suit et d\u00e9couvrez l&#8217;impact que la PPWR pourrait avoir sur votre entreprise.<\/p>\n<div class=\"su-spacer\" style=\"height:20px\"><\/div>\n<div id=\"ez-toc-container\" class=\"ez-toc-v2_0_67_1 counter-hierarchy ez-toc-counter ez-toc-grey ez-toc-container-direction\">\n<div class=\"ez-toc-title-container\">\n<p class=\"ez-toc-title \" >Table of contents<\/p>\n<span class=\"ez-toc-title-toggle\"><a href=\"#\" class=\"ez-toc-pull-right ez-toc-btn ez-toc-btn-xs ez-toc-btn-default ez-toc-toggle\" aria-label=\"Toggle Table of Content\"><span class=\"ez-toc-js-icon-con\"><span class=\"\"><span class=\"eztoc-hide\" style=\"display:none;\">Toggle<\/span><span class=\"ez-toc-icon-toggle-span\"><svg style=\"fill: #1542a6;color:#1542a6\" xmlns=\"http:\/\/www.w3.org\/2000\/svg\" class=\"list-377408\" width=\"20px\" height=\"20px\" viewBox=\"0 0 24 24\" fill=\"none\"><path d=\"M6 6H4v2h2V6zm14 0H8v2h12V6zM4 11h2v2H4v-2zm16 0H8v2h12v-2zM4 16h2v2H4v-2zm16 0H8v2h12v-2z\" fill=\"currentColor\"><\/path><\/svg><svg style=\"fill: #1542a6;color:#1542a6\" class=\"arrow-unsorted-368013\" xmlns=\"http:\/\/www.w3.org\/2000\/svg\" width=\"10px\" height=\"10px\" viewBox=\"0 0 24 24\" version=\"1.2\" baseProfile=\"tiny\"><path d=\"M18.2 9.3l-6.2-6.3-6.2 6.3c-.2.2-.3.4-.3.7s.1.5.3.7c.2.2.4.3.7.3h11c.3 0 .5-.1.7-.3.2-.2.3-.5.3-.7s-.1-.5-.3-.7zM5.8 14.7l6.2 6.3 6.2-6.3c.2-.2.3-.5.3-.7s-.1-.5-.3-.7c-.2-.2-.4-.3-.7-.3h-11c-.3 0-.5.1-.7.3-.2.2-.3.5-.3.7s.1.5.3.7z\"\/><\/svg><\/span><\/span><\/span><\/a><\/span><\/div>\n<nav><ul class='ez-toc-list ez-toc-list-level-1 ' ><li class='ez-toc-page-1 ez-toc-heading-level-2'><a class=\"ez-toc-link ez-toc-heading-1\" href=\"https:\/\/www.rajapack.be\/blog-be\/loi-europeenne-emballage\/#1_Que_signifie_la_loi_europeenne_sur_lemballage%E2%80%89\" title=\"1. Que signifie la loi europ\u00e9enne sur l\u2019emballage\u2009?\">1. Que signifie la loi europ\u00e9enne sur l\u2019emballage\u2009?<\/a><\/li><li class='ez-toc-page-1 ez-toc-heading-level-2'><a class=\"ez-toc-link ez-toc-heading-2\" href=\"https:\/\/www.rajapack.be\/blog-be\/loi-europeenne-emballage\/#2_Quelle_est_le_programme_de_la_PPWR\" title=\"2. Quelle est le programme de la PPWR ?\">2. Quelle est le programme de la PPWR ?<\/a><\/li><li class='ez-toc-page-1 ez-toc-heading-level-2'><a class=\"ez-toc-link ez-toc-heading-3\" href=\"https:\/\/www.rajapack.be\/blog-be\/loi-europeenne-emballage\/#3_Comment_se_preparer_a_la_loi_europeenne_sur_lemballage\" title=\"3. Comment se pr\u00e9parer \u00e0 la loi europ\u00e9enne sur l\u2019emballage ?\">3. Comment se pr\u00e9parer \u00e0 la loi europ\u00e9enne sur l\u2019emballage ?<\/a><ul class='ez-toc-list-level-3' ><li class='ez-toc-heading-level-3'><a class=\"ez-toc-link ez-toc-heading-4\" href=\"https:\/\/www.rajapack.be\/blog-be\/loi-europeenne-emballage\/#%E2%96%BA_1_Choisissez_un_emballage_a_conception_circulaire\" title=\"\u25ba 1. Choisissez un emballage \u00e0 conception circulaire\">\u25ba 1. Choisissez un emballage \u00e0 conception circulaire<\/a><\/li><li class='ez-toc-page-1 ez-toc-heading-level-3'><a class=\"ez-toc-link ez-toc-heading-5\" href=\"https:\/\/www.rajapack.be\/blog-be\/loi-europeenne-emballage\/#%E2%96%BA_2_Optez_pour_des_materiaux_recycles\" title=\"\u25ba 2. Optez pour des mat\u00e9riaux recycl\u00e9s\">\u25ba 2. Optez pour des mat\u00e9riaux recycl\u00e9s<\/a><\/li><li class='ez-toc-page-1 ez-toc-heading-level-3'><a class=\"ez-toc-link ez-toc-heading-6\" href=\"https:\/\/www.rajapack.be\/blog-be\/loi-europeenne-emballage\/#%E2%96%BA_3_Evitez_lencombrement_inutile_de_lemballage\" title=\"\u25ba 3. \u00c9vitez l&#8217;encombrement inutile de l&#8217;emballage\">\u25ba 3. \u00c9vitez l&#8217;encombrement inutile de l&#8217;emballage<\/a><\/li><li class='ez-toc-page-1 ez-toc-heading-level-3'><a class=\"ez-toc-link ez-toc-heading-7\" href=\"https:\/\/www.rajapack.be\/blog-be\/loi-europeenne-emballage\/#%E2%96%BA_4_Objectifs_de_reutilisation_et_de_remplissage_des_emballages_de-commerce\" title=\"\u25ba 4. Objectifs de r\u00e9utilisation et de remplissage des emballages d\u2019e-commerce\">\u25ba 4. Objectifs de r\u00e9utilisation et de remplissage des emballages d\u2019e-commerce<\/a><\/li><\/ul><\/li><\/ul><\/nav><\/div>\n\n<div class=\"su-spacer\" style=\"height:20px\"><\/div>\n<div class=\"su-spacer\" style=\"height:20px\"><\/div>\n<h2><span class=\"ez-toc-section\" id=\"1_Que_signifie_la_loi_europeenne_sur_lemballage%E2%80%89\"><\/span><span style=\"color: #000000;\"><strong>1. Que signifie la loi europ\u00e9enne sur l\u2019emballage\u2009?<\/strong><\/span><span class=\"ez-toc-section-end\"><\/span><\/h2>\n<div class=\"su-spacer\" style=\"height:20px\"><\/div>\n<p style=\"text-align: justify;\">Plus pr\u00e9cis\u00e9ment, la <em>Packaging and Packaging Waste Regulation<\/em> (PPWR) devrait garantir que les <strong>emballages soient davantage recyclables et r\u00e9utilisables d&#8217;ici 2030<\/strong>. L&#8217;accent est mis sur l&#8217;id\u00e9e de circularit\u00e9\u00a0: les conditionnements d&#8217;aujourd&#8217;hui doivent pouvoir servir d&#8217;emballages demain. Elle envisage \u00e9galement des mesures visant \u00e0 r\u00e9duire les d\u00e9chets d&#8217;emballage et \u00e0 rendre les mat\u00e9riaux moins complexes. Par exemple, en s\u00e9parant mieux le plastique et le papier.<\/p>\n<p style=\"text-align: justify;\">En Belgique, le march\u00e9 de l&#8217;emballage progresse heureusement dans la bonne direction. Ces derni\u00e8res ann\u00e9es, de nombreuses exigences l\u00e9gislatives ont \u00e9t\u00e9 abord\u00e9es de mani\u00e8re proactive. Vous trouverez de toute fa\u00e7on ces nouveaux produits d&#8217;avenir dans l&#8217;<strong>assortiment de RAJAPACK <\/strong>\u2013 parce qu&#8217;en tant que pionnier de la transition \u00e9cologique, nous aimons occuper les premi\u00e8res loges. Lisez la suite et d\u00e9couvrez comment RAJAPACK peut d\u00e8s \u00e0 pr\u00e9sent vous pr\u00e9parer \u00e0 la loi europ\u00e9enne sur l\u2019emballage.<\/p>\n<div class=\"su-spacer\" style=\"height:20px\"><\/div>\n<p><img loading=\"lazy\" decoding=\"async\" class=\"aligncenter wp-image-23256\" src=\"https:\/\/www.rajapack.be\/blog-be\/wp-content\/uploads\/2023\/04\/Effecten-PPWR-fr-1.jpg\" alt=\"Effets pr\u00e9vus de la PPWR\" width=\"800\" height=\"360\" srcset=\"https:\/\/www.rajapack.be\/blog-be\/wp-content\/uploads\/2023\/04\/Effecten-PPWR-fr-1.jpg 850w, https:\/\/www.rajapack.be\/blog-be\/wp-content\/uploads\/2023\/04\/Effecten-PPWR-fr-1-430x194.jpg 430w, https:\/\/www.rajapack.be\/blog-be\/wp-content\/uploads\/2023\/04\/Effecten-PPWR-fr-1-768x346.jpg 768w\" sizes=\"(max-width: 800px) 100vw, 800px\" \/><\/p>\n<div class=\"su-spacer\" style=\"height:20px\"><\/div>\n<div class=\"su-spacer\" style=\"height:20px\"><\/div>\n<h2><span class=\"ez-toc-section\" id=\"2_Quelle_est_le_programme_de_la_PPWR\"><\/span><span style=\"color: #000000;\"><strong>2. Quelle est le programme de la PPWR ?<\/strong><\/span><span class=\"ez-toc-section-end\"><\/span><\/h2>\n<div class=\"su-spacer\" style=\"height:20px\"><\/div>\n<p style=\"text-align: justify;\">La loi europ\u00e9enne sur l\u2019emballage n&#8217;est pas tomb\u00e9e du ciel, bien au contraire\u2009! Elle est le r\u00e9sultat d&#8217;ann\u00e9es de r\u00e9flexion visant \u00e0 rendre l\u2019\u00e9conomie europ\u00e9enne plus durable et plus \u00e9cologique. Ci-dessous, nous pr\u00e9sentons les principales \u00e9tapes de ce processus.<\/p>\n<ul>\n<li style=\"text-align: justify;\"><strong>2015 <\/strong>: suite aux <strong>Accords de Paris<\/strong>, des engagements internationaux ont \u00e9t\u00e9 mis en place pour assurer la viabilit\u00e9 de notre plan\u00e8te. L&#8217;objectif est qu&#8217;ensemble nous \u00e9mettions moins de CO2. Les effets de ces accords s&#8217;infiltrent dans notre vie quotidienne d&#8217;ann\u00e9e en ann\u00e9e\u2009; il suffit de penser \u00e0 l&#8217;augmentation du nombre de voitures \u00e9lectriques ou \u00e0 l&#8217;interdiction des plastiques \u00e0 usage unique.<div class=\"su-spacer\" style=\"height:20px\"><\/div><\/li>\n<li style=\"text-align: justify;\"><strong>2019 <\/strong>: \u00e0 la suite des Accords de Paris, l&#8217;UE a lanc\u00e9 le \u00ab\u2009<strong>Green Deal<\/strong>\u2009\u00bb, une liste d&#8217;initiatives visant \u00e0 doter les \u00c9tats membres d&#8217;une \u00e9conomie plus moderne et plus propre. L&#8217;objectif est de ramener \u00e0 z\u00e9ro les \u00e9missions nettes de gaz \u00e0 effet de serre d&#8217;ici 2050. Il s&#8217;agit \u00e9galement de dissocier la croissance \u00e9conomique de l&#8217;utilisation des ressources ext\u00e9rieures.<div class=\"su-spacer\" style=\"height:20px\"><\/div><\/li>\n<li style=\"text-align: justify;\"><strong>2022 <\/strong>: le monde de l&#8217;emballage et ses d\u00e9chets seront \u00e9galement abord\u00e9s. Dans le cadre du Green Deal, l&#8217;UE a lanc\u00e9 la proposition d\u2019une nouvelle l\u00e9gislation en novembre 2022, la <strong><em>Packaging and Packaging Waste Regulation<\/em><\/strong>. Il est clair que les emballages sont n\u00e9cessaires \u00e0 notre \u00e9conomie, mais la mani\u00e8re dont nous les traitons doit \u00eatre adapt\u00e9e aux besoins de l&#8217;avenir.<div class=\"su-spacer\" style=\"height:20px\"><\/div><\/li>\n<li style=\"text-align: justify;\"><strong>2024 <\/strong>: les n\u00e9gociations autour du PPWR seront achev\u00e9es. La l\u00e9gislation devrait \u00eatre adopt\u00e9e d&#8217;ici la fin de l&#8217;ann\u00e9e.<div class=\"su-spacer\" style=\"height:20px\"><\/div><\/li>\n<li style=\"text-align: justify;\"><strong>2026 <\/strong>: la mise en conformit\u00e9 avec la PPWR devrait prendre effet \u00e0 la mi-ann\u00e9e. La nouvelle l\u00e9gislation pr\u00e9voit un renforcement progressif des r\u00e8gles. Par exemple, un objectif sera d&#8217;abord fix\u00e9 pour 2030, puis pour 2040, et ainsi de suite.<\/li>\n<\/ul>\n<div class=\"su-spacer\" style=\"height:20px\"><\/div>\n<p><img loading=\"lazy\" decoding=\"async\" class=\"aligncenter wp-image-23128\" src=\"https:\/\/www.rajapack.be\/blog-be\/wp-content\/uploads\/2023\/04\/Europese-verpakkingswet3-3.jpg\" alt=\"Une femme tient une pancarte avec le symbole du recyclage\" width=\"800\" height=\"451\" srcset=\"https:\/\/www.rajapack.be\/blog-be\/wp-content\/uploads\/2023\/04\/Europese-verpakkingswet3-3.jpg 850w, https:\/\/www.rajapack.be\/blog-be\/wp-content\/uploads\/2023\/04\/Europese-verpakkingswet3-3-300x169.jpg 300w, https:\/\/www.rajapack.be\/blog-be\/wp-content\/uploads\/2023\/04\/Europese-verpakkingswet3-3-768x433.jpg 768w\" sizes=\"(max-width: 800px) 100vw, 800px\" \/><\/p>\n<div class=\"su-spacer\" style=\"height:20px\"><\/div>\n<div class=\"su-divider su-divider-style-dotted\" style=\"margin:15px 0;border-width:3px;border-color:#999999\"><a href=\"#\" style=\"color:#999999\">Au d\u00e9but de l&#039;article<\/a><\/div>\n<div class=\"su-spacer\" style=\"height:20px\"><\/div>\n<div class=\"su-spacer\" style=\"height:20px\"><\/div>\n<h2><span class=\"ez-toc-section\" id=\"3_Comment_se_preparer_a_la_loi_europeenne_sur_lemballage\"><\/span><span style=\"color: #000000;\"><strong>3. Comment se pr\u00e9parer \u00e0 la loi europ\u00e9enne sur l\u2019emballage ?<\/strong><\/span><span class=\"ez-toc-section-end\"><\/span><\/h2>\n<div class=\"su-spacer\" style=\"height:20px\"><\/div>\n<p style=\"text-align: justify;\">Les conditionnements ou colis non conformes \u00e0 la loi europ\u00e9enne sur l\u2019emballage ne pourront \u00e0 l&#8217;avenir plus \u00eatre commercialis\u00e9s. Pour les entreprises d\u2019e-commerce, il s&#8217;agit donc d&#8217;un point suppl\u00e9mentaire \u00e0 prendre en consid\u00e9ration. En tant que propri\u00e9taire d&#8217;un site web, vous sentez le vent tourner\u2009? Ne vous inqui\u00e9tez pas\u2009! Nous vous pr\u00e9sentons ci-dessous quelques emballages RAJAPACK avec lesquels vous pouvez d\u00e9j\u00e0 anticiper la plupart des exigences de la loi sur l\u2019emballage.<\/p>\n<div class=\"su-spacer\" style=\"height:20px\"><\/div>\n<h3><span class=\"ez-toc-section\" id=\"%E2%96%BA_1_Choisissez_un_emballage_a_conception_circulaire\"><\/span><strong><span style=\"color: #d52f13;\">\u25ba<\/span> <\/strong><span style=\"color: #276ef1;\"><strong>1. Choisissez un emballage \u00e0 conception circulaire<\/strong><\/span><span class=\"ez-toc-section-end\"><\/span><\/h3>\n<div class=\"su-spacer\" style=\"height:20px\"><\/div>\n<p style=\"text-align: justify;\"><strong>Exigence de la PPWR<\/strong> : cette loi europ\u00e9enne se concentre fortement sur la forme et la composition des emballages. La circularit\u00e9 joue un r\u00f4le important \u00e0 cet \u00e9gard. L&#8217;essentiel est de pouvoir retraiter facilement l&#8217;emballage d&#8217;aujourd&#8217;hui pour en faire le conditionnement de demain. Les emballages faciles \u00e0 trier et \u00e0 recycler dans un seul flux de d\u00e9chets sont pr\u00e9f\u00e9rables. C&#8217;est ce que l&#8217;on appelle les \u00ab\u2009emballages mono-mat\u00e9riaux\u2009\u00bb. Par exemple, un emballage compos\u00e9 uniquement de papier et de carton peut \u00eatre tri\u00e9 dans son int\u00e9gralit\u00e9 et retrait\u00e9 en un nouveau produit en papier. De cette mani\u00e8re, nous bouclons facilement le cycle des mati\u00e8res premi\u00e8res. Le papier excelle \u00e9galement en la mati\u00e8re, comme le prouve son taux de recyclage \u00e9lev\u00e9 en Europe (jusqu&#8217;\u00e0 88\u00a0% et plus au Benelux).<\/p>\n<p style=\"text-align: justify;\"><strong>Les solutions de RAJAPACK<\/strong> : RAJAPACK propose actuellement 2.500 produits enti\u00e8rement en papier ou en carton. Ces conditionnements mono-mat\u00e9riaux ne sont pas le fruit du hasard. Ils sont n\u00e9s d&#8217;une innovation constante et d&#8217;une concertation \u00e9troite avec nos fournisseurs. Pour presque tous les emballages traditionnels en plastique, nous pouvons d\u00e9j\u00e0 proposer une alternative en papier.<\/p>\n<p style=\"text-align: justify;\">Avec les nouveaut\u00e9s de RAJAPACK ci-dessous, composez un colis enti\u00e8rement fabriqu\u00e9 d&#8217;un monomat\u00e9riau facile \u00e0 trier\u00a0: le papier\u2009!<\/p>\n<ul>\n<li><a href=\"https:\/\/www.rajapack.be\/fr_BE\/calage-protection\/materieaux-remplissage\/particules-calage\/particules-calage-papier_OFF_BE_01431.html\" target=\"_blank\" rel=\"noopener\">Particules de calage papier<\/a><\/li>\n<li><a href=\"https:\/\/www.rajapack.be\/fr_BE\/calage-protection\/papier-emballage-gaufre\/papier-bulles_OFF_BE_01389.html\" target=\"_blank\" rel=\"noopener\">Film \u00e0 bulles papier<\/a><\/li>\n<li><a href=\"https:\/\/www.rajapack.be\/fr_BE\/adhesifs-cerclage-collage\/rubans-adhesifs-emballage\/rubans-adhesifs-papier-kraft\/rubans-adhesifs-papier-kraft-arme-naturel_OFF_BE_01391.html\" target=\"_blank\" rel=\"noopener\">Ruban adh\u00e9sif en papier arm\u00e9<\/a><\/li>\n<\/ul>\n<div class=\"su-spacer\" style=\"height:20px\"><\/div>\n<p><img loading=\"lazy\" decoding=\"async\" class=\"aligncenter wp-image-23200\" src=\"https:\/\/www.rajapack.be\/blog-be\/wp-content\/uploads\/2023\/04\/Monomaterialen-2024V3-2.jpg\" alt=\"Emballage avec des mono-mat\u00e9riaux en papier pour la loi europ\u00e9enne sur l'emballage\" width=\"800\" height=\"360\" srcset=\"https:\/\/www.rajapack.be\/blog-be\/wp-content\/uploads\/2023\/04\/Monomaterialen-2024V3-2.jpg 850w, https:\/\/www.rajapack.be\/blog-be\/wp-content\/uploads\/2023\/04\/Monomaterialen-2024V3-2-430x194.jpg 430w, https:\/\/www.rajapack.be\/blog-be\/wp-content\/uploads\/2023\/04\/Monomaterialen-2024V3-2-768x346.jpg 768w\" sizes=\"(max-width: 800px) 100vw, 800px\" \/><\/p>\n<div class=\"su-spacer\" style=\"height:20px\"><\/div>\n<div class=\"su-spacer\" style=\"height:20px\"><\/div>\n<h3><span class=\"ez-toc-section\" id=\"%E2%96%BA_2_Optez_pour_des_materiaux_recycles\"><\/span><strong><span style=\"color: #d52f13;\">\u25ba<\/span> <\/strong><span style=\"color: #276ef1;\"><strong>2. Optez pour des mat\u00e9riaux recycl\u00e9s<\/strong><\/span><span class=\"ez-toc-section-end\"><\/span><\/h3>\n<div class=\"su-spacer\" style=\"height:20px\"><\/div>\n<p style=\"text-align: justify;\"><strong>Exigence de la PPWR<\/strong> : \u00e0 partir du 1er janvier 2030, tous les emballages devront respecter de nouveaux seuils de recyclage. La nature exacte de ces seuils d\u00e9pend du type de conditionnement. Les emballages en plastique compostable et les emballages contenant moins de 5 % de plastique en poids seront exempt\u00e9s de cette exigence.<\/p>\n<p style=\"text-align: justify;\"><strong>Les solutions de RAJAPACK<\/strong>\u00a0: dans la composition des emballages en plastique, RAJAPACK remplace de plus en plus les mat\u00e9riaux vierges par des mat\u00e9riaux (partiellement) recycl\u00e9s. Au total, cela concerne d\u00e9j\u00e0 quelque 500 produits en plastique, allant des sacs jusqu\u2019aux coussins d&#8217;air en passant par le film bulle. Notre objectif est de stimuler la demande de cette mati\u00e8re premi\u00e8re gr\u00e2ce \u00e0 un pourcentage \u00e9lev\u00e9 de plastique recycl\u00e9 dans nos produits. L&#8217;augmentation de la demande de plastique recycl\u00e9 incite \u00e9galement \u00e0 mieux trier le plastique. Nous avons de cette fa\u00e7on plusieurs ann\u00e9es d&#8217;avance sur le cadre juridique, qui est actuellement en plein d\u00e9veloppement.<\/p>\n<p style=\"text-align: justify;\">Bon \u00e0 savoir : chez RAJAPACK, nous choisissons sciemment du plastique recycl\u00e9 totalement transparent. Pourquoi\u2009? Il n&#8217;est pas rare de voir du film bulle ou des sachets auxquels le fabricant a ajout\u00e9 un colorant vert. Cet aspect vert indique clairement au consommateur que le plastique est enti\u00e8rement (ou partiellement) fabriqu\u00e9 \u00e0 partir de mat\u00e9riaux recycl\u00e9s. L&#8217;inconv\u00e9nient est que le plastique est plus difficile \u00e0 recycler par la suite. En effet, le colorant vert \u00ab\u2009pollue\u2009\u00bb le processus. C&#8217;est pourquoi les personnes soucieuses de l&#8217;environnement optent toujours pour des emballages totalement transparents en plastique recycl\u00e9. Vous trouverez ci-dessous quelques exemples de conditionnements plastiques populaires contenant un pourcentage \u00e9lev\u00e9 de mat\u00e9riaux recycl\u00e9s :<\/p>\n<ul>\n<li><a href=\"https:\/\/www.rajapack.be\/fr_BE\/calage-protection\/protection-bulles\/protection-bulles\/film-bulles-recycle_OFF_BE_01234.html\" target=\"_blank\" rel=\"noopener\">Film \u00e0 bulles \u00e0 80 % recycl\u00e9<\/a><\/li>\n<li><a href=\"https:\/\/www.rajapack.be\/fr_BE\/calage-protection\/sachets-bulle\/sachet-bulles-recycle_OFF_BE_01635.html\" target=\"_blank\" rel=\"noopener\">Sachet bulles \u00e0 80 % recycl\u00e9<\/a><\/li>\n<li><a href=\"https:\/\/www.rajapack.be\/fr_BE\/enveloppes-pochettes-tubes\/enveloppes-plastique-transparantes-opaques\/pochette-opaque-plastique_OFF_BE_01150.html\" target=\"_blank\" rel=\"noopener\">Pochette plastique de mat\u00e9riaux recycl\u00e9s post-consommation<\/a><\/li>\n<\/ul>\n<div class=\"su-spacer\" style=\"height:20px\"><\/div>\n<img loading=\"lazy\" decoding=\"async\" class=\"aligncenter wp-image-23158 size-full\" src=\"https:\/\/www.rajapack.be\/blog-be\/wp-content\/uploads\/2023\/04\/Gerecycled-plastic-EU-verpakkingswet-2024-2.jpg\" alt=\"Exemples de plastique transparent recycl\u00e9 pour la loi PPWR\" width=\"850\" height=\"383\" srcset=\"https:\/\/www.rajapack.be\/blog-be\/wp-content\/uploads\/2023\/04\/Gerecycled-plastic-EU-verpakkingswet-2024-2.jpg 850w, https:\/\/www.rajapack.be\/blog-be\/wp-content\/uploads\/2023\/04\/Gerecycled-plastic-EU-verpakkingswet-2024-2-430x194.jpg 430w, https:\/\/www.rajapack.be\/blog-be\/wp-content\/uploads\/2023\/04\/Gerecycled-plastic-EU-verpakkingswet-2024-2-768x346.jpg 768w\" sizes=\"(max-width: 850px) 100vw, 850px\" \/><\/p>\n<div class=\"su-spacer\" style=\"height:20px\"><\/div>\n<p style=\"text-align: justify;\">Nos produits fabriqu\u00e9s \u00e0 partir de papier et de carton recycl\u00e9s sont tout aussi importants. Pratiquement toutes les caisses RAJAPACK en carton contiennent un pourcentage \u00e9lev\u00e9 de mat\u00e9riaux recycl\u00e9s (70\u00a0% en moyenne). Lors de la s\u00e9lection de nouveaux produits, ce pourcentage de recyclage est toujours un facteur important pour nous. Ainsi, nous anticipons d\u00e8s aujourd&#8217;hui les exigences de demain. En outre, les mat\u00e9riaux d&#8217;emballage en papier sont faciles \u00e0 trier apr\u00e8s usage. D&#8217;ailleurs, saviez-vous que le carton peut \u00eatre recycl\u00e9 jusqu&#8217;\u00e0 10 reprises\u2009? Une fois les caisses \u00e9limin\u00e9es, elles peuvent \u00eatre transform\u00e9es facilement en papier toilette ou en papier journal, par exemple.<\/p>\n<p style=\"text-align: justify;\"><div class=\"su-spacer\" style=\"height:20px\"><\/div>\n<div class=\"su-spacer\" style=\"height:20px\"><\/div>\n<h3><span class=\"ez-toc-section\" id=\"%E2%96%BA_3_Evitez_lencombrement_inutile_de_lemballage\"><\/span><strong><span style=\"color: #d52f13;\">\u25ba<\/span> <\/strong><span style=\"color: #276ef1;\"><strong>3. \u00c9vitez l&#8217;encombrement inutile de l&#8217;emballage<\/strong><\/span><span class=\"ez-toc-section-end\"><\/span><\/h3>\n<div class=\"su-spacer\" style=\"height:20px\"><\/div>\n<p style=\"text-align: justify;\"><strong>Exigence de la PPWR<\/strong> : l&#8217;article 10 de la loi europ\u00e9enne sur les emballages stipule que le poids et le volume d&#8217;un emballage doivent \u00eatre r\u00e9duits au minimum, sans compromettre sa s\u00e9curit\u00e9 et sa fonctionnalit\u00e9. En d&#8217;autres termes, aucun emballage ne doit \u00eatre commercialis\u00e9 avec des espaces inutiles, tels que des doubles parois ou des doubles fonds, pour simuler un volume de produit plus important. D&#8217;ici au 1er janvier 2030, un maximum de 50 % d&#8217;espace vide sera encore autoris\u00e9 pour les emballages group\u00e9s ou les emballages e-commerce (voir l&#8217;article 24).<\/p>\n<p style=\"text-align: justify;\"><strong>Les solutions de RAJAPACK<\/strong> : sous la devise \u00ab\u2009chaque produit m\u00e9rite un emballage sur mesure\u2009\u00bb, RAJAPACK d\u00e9cline une gamme de 1.250 formats de caisses et 1.000 formats de sacs. Ainsi, pour chaque type de produit, il existe un emballage qui lui convient parfaitement. R\u00e9sultat\u2009? Moins d&#8217;espaces vides dans les emballages et moins de mat\u00e9riaux de calage exc\u00e9dentaires. RAJAPACK encourage \u00e9galement l&#8217;utilisation de sacs d&#8217;exp\u00e9dition en remplacement d&#8217;une caisse. Les sacs offrent une excellente protection pour les produits fragiles et sont nettement plus compacts qu&#8217;une caisse. Vous \u00e9conomisez ainsi du mat\u00e9riel d&#8217;emballage et des frais de transport (= plus l&#8217;emballage est compact, moins le volume de transport est important).<\/p>\n<p>S\u00e9lectionnez l&#8217;emballage qui convient parfaitement \u00e0 votre produit gr\u00e2ce \u00e0 nos services :<\/p>\n<ul>\n<li><a href=\"https:\/\/www.rajapack.be\/fr_BE\/boxselector_cms_000002.html\">Moteur de recherche pour les caisses<\/a><\/li>\n<li><a href=\"https:\/\/www.rajapack.be\/fr_BE\/bagselector_cms_000001.html\">Moteur de recherche pour les sacs et sachets<\/a><\/li>\n<li>Ou choisissez une <a href=\"https:\/\/www.rajapack.be\/blog-be\/caisse-hauteur-variable\">caisse \u00e0 hauteur variable<\/a> ici<\/li>\n<\/ul>\n<div class=\"su-spacer\" style=\"height:20px\"><\/div>\n<a href=\"https:\/\/www.rajapack.be\/fr_BE\/boxselector_cms_000002.html\" target=\"_blank\" rel=\"noopener\"><img loading=\"lazy\" decoding=\"async\" class=\"aligncenter wp-image-23260\" src=\"https:\/\/www.rajapack.be\/blog-be\/wp-content\/uploads\/2023\/04\/Boxselector-fr-2.jpg\" alt=\"Trouvez la bo\u00eete parfaite pour votre produit en 1 clic\" width=\"800\" height=\"360\" srcset=\"https:\/\/www.rajapack.be\/blog-be\/wp-content\/uploads\/2023\/04\/Boxselector-fr-2.jpg 850w, https:\/\/www.rajapack.be\/blog-be\/wp-content\/uploads\/2023\/04\/Boxselector-fr-2-430x194.jpg 430w, https:\/\/www.rajapack.be\/blog-be\/wp-content\/uploads\/2023\/04\/Boxselector-fr-2-768x346.jpg 768w\" sizes=\"(max-width: 800px) 100vw, 800px\" \/><\/a><\/p>\n<div class=\"su-spacer\" style=\"height:20px\"><\/div>\n<div class=\"su-spacer\" style=\"height:20px\"><\/div>\n<h3><span class=\"ez-toc-section\" id=\"%E2%96%BA_4_Objectifs_de_reutilisation_et_de_remplissage_des_emballages_de-commerce\"><\/span><strong><span style=\"color: #d52f13;\">\u25ba<\/span> <\/strong><span style=\"color: #276ef1;\"><strong>4. Objectifs de r\u00e9utilisation et de remplissage des emballages d\u2019e-commerce<\/strong><\/span><span class=\"ez-toc-section-end\"><\/span><\/h3>\n<div class=\"su-spacer\" style=\"height:20px\"><\/div>\n<p style=\"text-align: justify;\"><strong>Exigence de la PPWR<\/strong> : enfin, l&#8217;Europe veut s&#8217;assurer que nous r\u00e9utilisions ou remplissions davantage d&#8217;emballages (voir l&#8217;article 11 de la loi PPWR). \u00c0 partir de 2025, au moins 40 % des emballages de transport et de vente (y compris e-commerce) devront \u00eatre r\u00e9utilisables. \u00c0 partir de 2040, l&#8217;objectif est d\u2019avoir au moins 70 % d\u2019emballages r\u00e9utilisables.<\/p>\n<p style=\"text-align: justify;\">Remarque importante : les caisses en carton sont pour l&#8217;instant exclues de cette directive. Toutefois, cela signifie que les pochettes, les bacs et les palettes, entre autres, doivent \u00eatre rendus plus r\u00e9utilisables. Cette proposition n&#8217;a pas non plus d&#8217;impact sur : l&#8217;emballage des marchandises dangereuses, les grandes machines avec un emballage sur mesure, en finalement l<span style=\"text-align: justify;\">es emballages de denr\u00e9es alimentaires.<\/span><\/p>\n<p style=\"text-align: justify;\"><strong>Solutions de RAJAPACK<\/strong> : pour garantir la r\u00e9utilisation des emballages, nous devons \u00eatre en mesure d&#8217;adapter la logistique des retours \u00e0 une \u00e9chelle suffisamment grande. Le secteur travaille d&#8217;arrache-pied en coulisse pour combler ce retard. Gr\u00e2ce notamment au Green Deal en Flandre, RAJAPACK s&#8217;engage \u00e0 \u00eatre l&#8217;un des premiers acteurs \u00e0 se retrousser les manches dans ce projet.<\/p>\n<p style=\"text-align: justify;\">RAJAPACK travaille activement \u00e0 de nouvelles solutions pour distribuer sur le march\u00e9 des emballages suffisamment r\u00e9sistants, facilement pliables et compacts en vue d\u2019un \u00e9ventuel retour. De pr\u00e9f\u00e9rence, ce type d&#8217;emballage sera \u00e9galement renouvelable et recyclable. Notre regard est particuli\u00e8rement attir\u00e9 par les <a href=\"https:\/\/re-zip.com\/\" target=\"_blank\" rel=\"noopener\">innovations \u00e0 base de carton<\/a>. Vous pouvez lire dans l&#8217;encadr\u00e9 ci-dessous pourquoi nous choisissons le carton plut\u00f4t que le plastique. Nous avons lanc\u00e9 les premi\u00e8res solutions commerciales sur les march\u00e9s belge et n\u00e9erlandais en 2023. Vous ne pouvez pas attendre et souhaitez obtenir plus d&#8217;informations d\u00e8s maintenant\u2009? Contactez-nous et nous expliquerons avec plaisir notre cheminement (012 260 280 ou <a href=\"mailto:sales@rajapack.be\">sales@rajapack.be<\/a>).<\/p>\n<div class=\"su-spacer\" style=\"height:20px\"><\/div>\n<p><img loading=\"lazy\" decoding=\"async\" class=\"aligncenter wp-image-22259 size-full\" src=\"https:\/\/www.rajapack.be\/blog-be\/wp-content\/uploads\/2022\/12\/Blog_RE-ZIP6-1.jpg\" alt=\"Emballages r\u00e9utilisables pour la loi europ\u00e9enne sur l'emballage\" width=\"800\" height=\"360\" srcset=\"https:\/\/www.rajapack.be\/blog-be\/wp-content\/uploads\/2022\/12\/Blog_RE-ZIP6-1.jpg 800w, https:\/\/www.rajapack.be\/blog-be\/wp-content\/uploads\/2022\/12\/Blog_RE-ZIP6-1-300x135.jpg 300w, https:\/\/www.rajapack.be\/blog-be\/wp-content\/uploads\/2022\/12\/Blog_RE-ZIP6-1-768x346.jpg 768w\" sizes=\"(max-width: 800px) 100vw, 800px\" \/><\/p>\n<div class=\"su-spacer\" style=\"height:20px\"><\/div>\n<div class=\"su-button-center\"><a href=\"https:\/\/www.rajapack.be\/blog-be\/reuse-re-zip\" class=\"su-button su-button-style-ghost su-button-wide\" style=\"color:#000000;background-color:#276ef1;border-color:#2058c1;border-radius:50px\" target=\"_blank\" rel=\"noopener noreferrer\"><span style=\"color:#000000;padding:8px 24px;font-size:18px;line-height:27px;border-color:#689af6;border-radius:50px;text-shadow:none\"><i class=\"sui sui-hand-o-right\" style=\"font-size:18px;color:#000000\"><\/i> <strong>Vous voulez en savoir plus sur RE-ZIP ? D\u00e9couvrez les avantages ici<\/strong><\/span><\/a><\/div>\n<div class=\"su-spacer\" style=\"height:20px\"><\/div>\n<p style=\"text-align: justify;\">Gr\u00e2ce \u00e0 tous ces efforts, RAJAPACK est en mesure de garantir qu\u2019une quantit\u00e9 nettement moindre de mati\u00e8res premi\u00e8res pures est n\u00e9cessaire tout au long de la cha\u00eene de production et d\u2019utilisation, et que la quantit\u00e9 de d\u00e9chets r\u00e9siduels est consid\u00e9rablement r\u00e9duite. Cela nous permet de contribuer \u00e0 une \u00e9conomie circulaire et, avec nos clients, de r\u00e9duire la pression sur la consommation globale de mati\u00e8res premi\u00e8res.<\/p>\n<div class=\"su-spacer\" style=\"height:20px\"><\/div>\n<div class=\"su-box su-box-style-glass\" id=\"\" style=\"border-color:#003bbe;border-radius:20px\"><div class=\"su-box-title\" style=\"background-color:#276ef1;color:#FFFFFF;border-top-left-radius:18px;border-top-right-radius:18px\"> Le pouvoir du carton comme mat\u00e9riau d&#039;emballage r\u00e9utilisable <\/div><div class=\"su-box-content su-u-clearfix su-u-trim\" style=\"border-bottom-left-radius:18px;border-bottom-right-radius:18px\">\n<p>Des tests montrent que le carton a plus de potentiel que le plastique pour devenir une solution d&#8217;emballage r\u00e9utilisable. Voici pourquoi\u00a0:<\/p>\n<ul>\n<li>Le carton est un mat\u00e9riau solide, mais facilement pliable.<\/li>\n<li>Le co\u00fbt de production de la conception d&#8217;un nouvel emballage en carton est relativement faible. De plus, le d\u00e9lai entre le prototype et le produit fini est tr\u00e8s court.<\/li>\n<li>Le carton est souvent un mat\u00e9riau recycl\u00e9 en soi et il est facile \u00e0 recycler par la suite. En cas de perte, le carton se d\u00e9compose naturellement et rapidement.<\/li>\n<li>La production et le savoir-faire peuvent \u00eatre centralis\u00e9s au niveau local.<\/li>\n<li>Le carton est \u00e9co-responsable, renouvelable et constitue la meilleure fraction de recyclage parmi presque tous les \u00c9tats membres de l&#8217;UE.<\/li>\n<\/ul>\n<\/div><\/div>\n","protected":false},"excerpt":{"rendered":"<p>Avez-vous entendu parler de la \u00ab\u2009PPWR\u2009\u00bb\u2009? C\u2019est une abr\u00e9viation signifiant Packaging and Packaging Waste Regulation. Cette \u00ab\u00a0loi europ\u00e9enne sur l&#8217;emballage\u00a0\u00bb, comme nous l&#8217;appelons ici, imposera de nouvelles r\u00e8gles relatives \u00e0 [&#8230;]<\/p>\n","protected":false},"author":64,"featured_media":20513,"comment_status":"open","ping_status":"open","sticky":false,"template":"","format":"standard","meta":{"_acf_changed":false,"footnotes":""},"categories":[695],"tags":[826,804,840,852,858,808,842,870],"class_list":["post-20373","post","type-post","status-publish","format-standard","has-post-thumbnail","hentry","category-ecommerce","tag-caisse-carton","tag-emballage-compact","tag-emballages-detail","tag-emballages-papier","tag-emballages-plastique","tag-produits-eco-responsables","tag-retours","tag-tri-selectif"],"acf":[],"yoast_head":"<!-- This site is optimized with the Yoast SEO plugin v23.0 - https:\/\/yoast.com\/wordpress\/plugins\/seo\/ -->\n<title>La loi europ\u00e9enne sur l\u2019emballage : pr\u00eat pour l&#039;avenir\u2009!<\/title>\n<meta name=\"description\" content=\"Qu&#039;implique la nouvelle loi europ\u00e9enne sur l&#039;emballage ? Pr\u00e9parez-vous avec les solutions de RAJAPACK Belgique.\" \/>\n<meta name=\"robots\" content=\"index, follow, max-snippet:-1, max-image-preview:large, max-video-preview:-1\" \/>\n<link rel=\"canonical\" href=\"https:\/\/www.rajapack.be\/blog-be\/loi-europeenne-emballage\" \/>\n<meta property=\"og:locale\" content=\"nl_BE\" \/>\n<meta property=\"og:type\" content=\"article\" \/>\n<meta property=\"og:title\" content=\"La loi europ\u00e9enne sur l\u2019emballage : pr\u00eat pour l&#039;avenir\u2009!\" \/>\n<meta property=\"og:description\" content=\"Qu&#039;implique la nouvelle loi europ\u00e9enne sur l&#039;emballage ? Pr\u00e9parez-vous avec les solutions de RAJAPACK Belgique.\" \/>\n<meta property=\"og:url\" content=\"https:\/\/www.rajapack.be\/blog-be\/loi-europeenne-emballage\" \/>\n<meta property=\"og:site_name\" content=\"RAJA Blog\" \/>\n<meta property=\"article:publisher\" content=\"https:\/\/www.facebook.com\/rajapackbenelux\" \/>\n<meta property=\"article:published_time\" content=\"2024-05-29T08:00:50+00:00\" \/>\n<meta property=\"article:modified_time\" content=\"2025-09-09T15:23:58+00:00\" \/>\n<meta property=\"og:image\" content=\"https:\/\/www.rajapack.be\/blog-be\/wp-content\/uploads\/2023\/04\/Europese-verpakkingswet-vlaggen-eu-1.jpg\" \/>\n\t<meta property=\"og:image:width\" content=\"831\" \/>\n\t<meta property=\"og:image:height\" content=\"498\" \/>\n\t<meta property=\"og:image:type\" content=\"image\/jpeg\" \/>\n<meta name=\"author\" content=\"Arne\" \/>\n<meta name=\"twitter:card\" content=\"summary_large_image\" \/>\n<meta name=\"twitter:creator\" content=\"@RajaBelgium\" \/>\n<meta name=\"twitter:site\" content=\"@RajaBelgium\" \/>\n<meta name=\"twitter:label1\" content=\"Geschreven door\" \/>\n\t<meta name=\"twitter:data1\" content=\"Arne\" \/>\n\t<meta name=\"twitter:label2\" content=\"Geschatte leestijd\" \/>\n\t<meta name=\"twitter:data2\" content=\"12 minuten\" \/>\n<script type=\"application\/ld+json\" class=\"yoast-schema-graph\">{\n\t    \"@context\": \"https:\/\/schema.org\",\n\t    \"@graph\": [\n\t        {\n\t            \"@type\": \"Article\",\n\t            \"@id\": \"https:\/\/www.rajapack.be\/blog-be\/loi-europeenne-emballage#article\",\n\t            \"isPartOf\": {\n\t                \"@id\": \"https:\/\/www.rajapack.be\/blog-be\/loi-europeenne-emballage\"\n\t            },\n\t            \"author\": {\n\t                \"name\": \"Arne\",\n\t                \"@id\": \"https:\/\/www.rajapack.be\/blog-be\/#\/schema\/person\/57b1d9f661118e1cc24542e70bfbe2b3\"\n\t            },\n\t            \"headline\": \"La loi europ\u00e9enne sur l\u2019emballage : \u00eates-vous pr\u00eat pour l&#8217;avenir\u2009?\",\n\t            \"datePublished\": \"2024-05-29T08:00:50+00:00\",\n\t            \"dateModified\": \"2025-09-09T15:23:58+00:00\",\n\t            \"mainEntityOfPage\": {\n\t                \"@id\": \"https:\/\/www.rajapack.be\/blog-be\/loi-europeenne-emballage\"\n\t            },\n\t            \"wordCount\": 2291,\n\t            \"commentCount\": 0,\n\t            \"publisher\": {\n\t                \"@id\": \"https:\/\/www.rajapack.be\/blog-be\/#organization\"\n\t            },\n\t            \"image\": {\n\t                \"@id\": \"https:\/\/www.rajapack.be\/blog-be\/loi-europeenne-emballage#primaryimage\"\n\t            },\n\t            \"thumbnailUrl\": \"https:\/\/www.rajapack.be\/blog-be\/wp-content\/uploads\/2023\/04\/Europese-verpakkingswet-vlaggen-eu-1.jpg\",\n\t            \"keywords\": [\n\t                \"Caisse carton\",\n\t                \"Emballage compact\",\n\t                \"Emballages de d\u00e9tail\",\n\t                \"Emballages papier\",\n\t                \"Emballages plastique\",\n\t                \"Produits \u00e9co-responsables\",\n\t                \"Retours\",\n\t                \"Tri s\u00e9lectif\"\n\t            ],\n\t            \"articleSection\": [\n\t                \"Ecommerce\"\n\t            ],\n\t            \"inLanguage\": \"nl-BE\",\n\t            \"potentialAction\": [\n\t                {\n\t                    \"@type\": \"CommentAction\",\n\t                    \"name\": \"Comment\",\n\t                    \"target\": [\n\t                        \"https:\/\/www.rajapack.be\/blog-be\/loi-europeenne-emballage#respond\"\n\t                    ]\n\t                }\n\t            ]\n\t        },\n\t        {\n\t            \"@type\": \"WebPage\",\n\t            \"@id\": \"https:\/\/www.rajapack.be\/blog-be\/loi-europeenne-emballage\",\n\t            \"url\": \"https:\/\/www.rajapack.be\/blog-be\/loi-europeenne-emballage\",\n\t            \"name\": \"La loi europ\u00e9enne sur l\u2019emballage : pr\u00eat pour l'avenir\u2009!\",\n\t            \"isPartOf\": {\n\t                \"@id\": \"https:\/\/www.rajapack.be\/blog-be\/#website\"\n\t            },\n\t            \"primaryImageOfPage\": {\n\t                \"@id\": \"https:\/\/www.rajapack.be\/blog-be\/loi-europeenne-emballage#primaryimage\"\n\t            },\n\t            \"image\": {\n\t                \"@id\": \"https:\/\/www.rajapack.be\/blog-be\/loi-europeenne-emballage#primaryimage\"\n\t            },\n\t            \"thumbnailUrl\": \"https:\/\/www.rajapack.be\/blog-be\/wp-content\/uploads\/2023\/04\/Europese-verpakkingswet-vlaggen-eu-1.jpg\",\n\t            \"datePublished\": \"2024-05-29T08:00:50+00:00\",\n\t            \"dateModified\": \"2025-09-09T15:23:58+00:00\",\n\t            \"description\": \"Qu'implique la nouvelle loi europ\u00e9enne sur l'emballage ? Pr\u00e9parez-vous avec les solutions de RAJAPACK Belgique.\",\n\t            \"inLanguage\": \"nl-BE\",\n\t            \"potentialAction\": [\n\t                {\n\t                    \"@type\": \"ReadAction\",\n\t                    \"target\": [\n\t                        \"https:\/\/www.rajapack.be\/blog-be\/loi-europeenne-emballage\"\n\t                    ]\n\t                }\n\t            ]\n\t        },\n\t        {\n\t            \"@type\": \"ImageObject\",\n\t            \"inLanguage\": \"nl-BE\",\n\t            \"@id\": \"https:\/\/www.rajapack.be\/blog-be\/loi-europeenne-emballage#primaryimage\",\n\t            \"url\": \"https:\/\/www.rajapack.be\/blog-be\/wp-content\/uploads\/2023\/04\/Europese-verpakkingswet-vlaggen-eu-1.jpg\",\n\t            \"contentUrl\": \"https:\/\/www.rajapack.be\/blog-be\/wp-content\/uploads\/2023\/04\/Europese-verpakkingswet-vlaggen-eu-1.jpg\",\n\t            \"width\": 831,\n\t            \"height\": 498,\n\t            \"caption\": \"Drapeau de l'Union Europ\u00e9enne\"\n\t        },\n\t        {\n\t            \"@type\": \"WebSite\",\n\t            \"@id\": \"https:\/\/www.rajapack.be\/blog-be\/#website\",\n\t            \"url\": \"https:\/\/www.rajapack.be\/blog-be\/\",\n\t            \"name\": \"RAJA Blog\",\n\t            \"description\": \"Alles over verpakkingen, logistiek en meer\",\n\t            \"publisher\": {\n\t                \"@id\": \"https:\/\/www.rajapack.be\/blog-be\/#organization\"\n\t            },\n\t            \"potentialAction\": [\n\t                {\n\t                    \"@type\": \"SearchAction\",\n\t                    \"target\": {\n\t                        \"@type\": \"EntryPoint\",\n\t                        \"urlTemplate\": \"https:\/\/www.rajapack.be\/blog-be\/?s={search_term_string}\"\n\t                    },\n\t                    \"query-input\": \"required name=search_term_string\"\n\t                }\n\t            ],\n\t            \"inLanguage\": \"nl-BE\"\n\t        },\n\t        {\n\t            \"@type\": \"Organization\",\n\t            \"@id\": \"https:\/\/www.rajapack.be\/blog-be\/#organization\",\n\t            \"name\": \"RAJA Benelux\",\n\t            \"url\": \"https:\/\/www.rajapack.be\/blog-be\/\",\n\t            \"logo\": {\n\t                \"@type\": \"ImageObject\",\n\t                \"inLanguage\": \"nl-BE\",\n\t                \"@id\": \"https:\/\/www.rajapack.be\/blog-be\/#\/schema\/logo\/image\/\",\n\t                \"url\": \"https:\/\/www.rajapack.be\/blog-be\/wp-content\/uploads\/2022\/09\/RAJA-logo-social.png\",\n\t                \"contentUrl\": \"https:\/\/www.rajapack.be\/blog-be\/wp-content\/uploads\/2022\/09\/RAJA-logo-social.png\",\n\t                \"width\": 497,\n\t                \"height\": 491,\n\t                \"caption\": \"RAJA Benelux\"\n\t            },\n\t            \"image\": {\n\t                \"@id\": \"https:\/\/www.rajapack.be\/blog-be\/#\/schema\/logo\/image\/\"\n\t            },\n\t            \"sameAs\": [\n\t                \"https:\/\/www.facebook.com\/rajapackbenelux\",\n\t                \"https:\/\/x.com\/RajaBelgium\"\n\t            ]\n\t        },\n\t        {\n\t            \"@type\": \"Person\",\n\t            \"@id\": \"https:\/\/www.rajapack.be\/blog-be\/#\/schema\/person\/57b1d9f661118e1cc24542e70bfbe2b3\",\n\t            \"name\": \"Arne\",\n\t            \"image\": {\n\t                \"@type\": \"ImageObject\",\n\t                \"inLanguage\": \"nl-BE\",\n\t                \"@id\": \"https:\/\/www.rajapack.be\/blog-be\/#\/schema\/person\/image\/\",\n\t                \"url\": \"https:\/\/secure.gravatar.com\/avatar\/f2bcd48cb1fcf446fc71a87f4162d3ed?s=96&r=g\",\n\t                \"contentUrl\": \"https:\/\/secure.gravatar.com\/avatar\/f2bcd48cb1fcf446fc71a87f4162d3ed?s=96&r=g\",\n\t                \"caption\": \"Arne\"\n\t            },\n\t            \"description\": \"Met een scherp oog voor SEO en een vlotte pen, brengt Arne het verhaal van RAJAPACK's assortiment en vertelt hij over de laatste trends in verpakkingen, logistiek en zoveel meer.\",\n\t            \"url\": \"https:\/\/www.rajapack.be\/blog-be\/author\/arne-leen\"\n\t        }\n\t    ]\n\t}<\/script>\n<!-- \/ Yoast SEO plugin. -->","yoast_head_json":{"title":"La loi europ\u00e9enne sur l\u2019emballage : pr\u00eat pour l'avenir\u2009!","description":"Qu'implique la nouvelle loi europ\u00e9enne sur l'emballage ? Pr\u00e9parez-vous avec les solutions de RAJAPACK Belgique.","robots":{"index":"index","follow":"follow","max-snippet":"max-snippet:-1","max-image-preview":"max-image-preview:large","max-video-preview":"max-video-preview:-1"},"canonical":"https:\/\/www.rajapack.be\/blog-be\/loi-europeenne-emballage","og_locale":"nl_BE","og_type":"article","og_title":"La loi europ\u00e9enne sur l\u2019emballage : pr\u00eat pour l'avenir\u2009!","og_description":"Qu'implique la nouvelle loi europ\u00e9enne sur l'emballage ? Pr\u00e9parez-vous avec les solutions de RAJAPACK Belgique.","og_url":"https:\/\/www.rajapack.be\/blog-be\/loi-europeenne-emballage","og_site_name":"RAJA Blog","article_publisher":"https:\/\/www.facebook.com\/rajapackbenelux","article_published_time":"2024-05-29T08:00:50+00:00","article_modified_time":"2025-09-09T15:23:58+00:00","og_image":[{"width":831,"height":498,"url":"https:\/\/www.rajapack.be\/blog-be\/wp-content\/uploads\/2023\/04\/Europese-verpakkingswet-vlaggen-eu-1.jpg","type":"image\/jpeg"}],"author":"Arne","twitter_card":"summary_large_image","twitter_creator":"@RajaBelgium","twitter_site":"@RajaBelgium","twitter_misc":{"Geschreven door":"Arne","Geschatte leestijd":"12 minuten"},"schema":{"@context":"https:\/\/schema.org","@graph":[{"@type":"Article","@id":"https:\/\/www.rajapack.be\/blog-be\/loi-europeenne-emballage#article","isPartOf":{"@id":"https:\/\/www.rajapack.be\/blog-be\/loi-europeenne-emballage"},"author":{"name":"Arne","@id":"https:\/\/www.rajapack.be\/blog-be\/#\/schema\/person\/57b1d9f661118e1cc24542e70bfbe2b3"},"headline":"La loi europ\u00e9enne sur l\u2019emballage : \u00eates-vous pr\u00eat pour l&#8217;avenir\u2009?","datePublished":"2024-05-29T08:00:50+00:00","dateModified":"2025-09-09T15:23:58+00:00","mainEntityOfPage":{"@id":"https:\/\/www.rajapack.be\/blog-be\/loi-europeenne-emballage"},"wordCount":2291,"commentCount":0,"publisher":{"@id":"https:\/\/www.rajapack.be\/blog-be\/#organization"},"image":{"@id":"https:\/\/www.rajapack.be\/blog-be\/loi-europeenne-emballage#primaryimage"},"thumbnailUrl":"https:\/\/www.rajapack.be\/blog-be\/wp-content\/uploads\/2023\/04\/Europese-verpakkingswet-vlaggen-eu-1.jpg","keywords":["Caisse carton","Emballage compact","Emballages de d\u00e9tail","Emballages papier","Emballages plastique","Produits \u00e9co-responsables","Retours","Tri s\u00e9lectif"],"articleSection":["Ecommerce"],"inLanguage":"nl-BE","potentialAction":[{"@type":"CommentAction","name":"Comment","target":["https:\/\/www.rajapack.be\/blog-be\/loi-europeenne-emballage#respond"]}]},{"@type":"WebPage","@id":"https:\/\/www.rajapack.be\/blog-be\/loi-europeenne-emballage","url":"https:\/\/www.rajapack.be\/blog-be\/loi-europeenne-emballage","name":"La loi europ\u00e9enne sur l\u2019emballage : pr\u00eat pour l'avenir\u2009!","isPartOf":{"@id":"https:\/\/www.rajapack.be\/blog-be\/#website"},"primaryImageOfPage":{"@id":"https:\/\/www.rajapack.be\/blog-be\/loi-europeenne-emballage#primaryimage"},"image":{"@id":"https:\/\/www.rajapack.be\/blog-be\/loi-europeenne-emballage#primaryimage"},"thumbnailUrl":"https:\/\/www.rajapack.be\/blog-be\/wp-content\/uploads\/2023\/04\/Europese-verpakkingswet-vlaggen-eu-1.jpg","datePublished":"2024-05-29T08:00:50+00:00","dateModified":"2025-09-09T15:23:58+00:00","description":"Qu'implique la nouvelle loi europ\u00e9enne sur l'emballage ? Pr\u00e9parez-vous avec les solutions de RAJAPACK Belgique.","inLanguage":"nl-BE","potentialAction":[{"@type":"ReadAction","target":["https:\/\/www.rajapack.be\/blog-be\/loi-europeenne-emballage"]}]},{"@type":"ImageObject","inLanguage":"nl-BE","@id":"https:\/\/www.rajapack.be\/blog-be\/loi-europeenne-emballage#primaryimage","url":"https:\/\/www.rajapack.be\/blog-be\/wp-content\/uploads\/2023\/04\/Europese-verpakkingswet-vlaggen-eu-1.jpg","contentUrl":"https:\/\/www.rajapack.be\/blog-be\/wp-content\/uploads\/2023\/04\/Europese-verpakkingswet-vlaggen-eu-1.jpg","width":831,"height":498,"caption":"Drapeau de l'Union Europ\u00e9enne"},{"@type":"WebSite","@id":"https:\/\/www.rajapack.be\/blog-be\/#website","url":"https:\/\/www.rajapack.be\/blog-be\/","name":"RAJA Blog","description":"Alles over verpakkingen, logistiek en meer","publisher":{"@id":"https:\/\/www.rajapack.be\/blog-be\/#organization"},"potentialAction":[{"@type":"SearchAction","target":{"@type":"EntryPoint","urlTemplate":"https:\/\/www.rajapack.be\/blog-be\/?s={search_term_string}"},"query-input":"required name=search_term_string"}],"inLanguage":"nl-BE"},{"@type":"Organization","@id":"https:\/\/www.rajapack.be\/blog-be\/#organization","name":"RAJA Benelux","url":"https:\/\/www.rajapack.be\/blog-be\/","logo":{"@type":"ImageObject","inLanguage":"nl-BE","@id":"https:\/\/www.rajapack.be\/blog-be\/#\/schema\/logo\/image\/","url":"https:\/\/www.rajapack.be\/blog-be\/wp-content\/uploads\/2022\/09\/RAJA-logo-social.png","contentUrl":"https:\/\/www.rajapack.be\/blog-be\/wp-content\/uploads\/2022\/09\/RAJA-logo-social.png","width":497,"height":491,"caption":"RAJA Benelux"},"image":{"@id":"https:\/\/www.rajapack.be\/blog-be\/#\/schema\/logo\/image\/"},"sameAs":["https:\/\/www.facebook.com\/rajapackbenelux","https:\/\/x.com\/RajaBelgium"]},{"@type":"Person","@id":"https:\/\/www.rajapack.be\/blog-be\/#\/schema\/person\/57b1d9f661118e1cc24542e70bfbe2b3","name":"Arne","image":{"@type":"ImageObject","inLanguage":"nl-BE","@id":"https:\/\/www.rajapack.be\/blog-be\/#\/schema\/person\/image\/","url":"https:\/\/secure.gravatar.com\/avatar\/f2bcd48cb1fcf446fc71a87f4162d3ed?s=96&r=g","contentUrl":"https:\/\/secure.gravatar.com\/avatar\/f2bcd48cb1fcf446fc71a87f4162d3ed?s=96&r=g","caption":"Arne"},"description":"Met een scherp oog voor SEO en een vlotte pen, brengt Arne het verhaal van RAJAPACK's assortiment en vertelt hij over de laatste trends in verpakkingen, logistiek en zoveel meer.","url":"https:\/\/www.rajapack.be\/blog-be\/author\/arne-leen"}]}},"_links":{"self":[{"href":"https:\/\/www.rajapack.be\/blog-be\/wp-json\/wp\/v2\/posts\/20373"}],"collection":[{"href":"https:\/\/www.rajapack.be\/blog-be\/wp-json\/wp\/v2\/posts"}],"about":[{"href":"https:\/\/www.rajapack.be\/blog-be\/wp-json\/wp\/v2\/types\/post"}],"author":[{"embeddable":true,"href":"https:\/\/www.rajapack.be\/blog-be\/wp-json\/wp\/v2\/users\/64"}],"replies":[{"embeddable":true,"href":"https:\/\/www.rajapack.be\/blog-be\/wp-json\/wp\/v2\/comments?post=20373"}],"version-history":[{"count":30,"href":"https:\/\/www.rajapack.be\/blog-be\/wp-json\/wp\/v2\/posts\/20373\/revisions"}],"predecessor-version":[{"id":24459,"href":"https:\/\/www.rajapack.be\/blog-be\/wp-json\/wp\/v2\/posts\/20373\/revisions\/24459"}],"wp:featuredmedia":[{"embeddable":true,"href":"https:\/\/www.rajapack.be\/blog-be\/wp-json\/wp\/v2\/media\/20513"}],"wp:attachment":[{"href":"https:\/\/www.rajapack.be\/blog-be\/wp-json\/wp\/v2\/media?parent=20373"}],"wp:term":[{"taxonomy":"category","embeddable":true,"href":"https:\/\/www.rajapack.be\/blog-be\/wp-json\/wp\/v2\/categories?post=20373"},{"taxonomy":"post_tag","embeddable":true,"href":"https:\/\/www.rajapack.be\/blog-be\/wp-json\/wp\/v2\/tags?post=20373"}],"curies":[{"name":"wp","href":"https:\/\/api.w.org\/{rel}","templated":true}]}}