{"id":21207,"date":"2023-08-24T08:08:19","date_gmt":"2023-08-24T07:08:19","guid":{"rendered":"https:\/\/www.rajapack.be\/blog-be\/?p=21207"},"modified":"2024-01-29T10:40:58","modified_gmt":"2024-01-29T09:40:58","slug":"packagings-cosmetiques","status":"publish","type":"post","link":"https:\/\/www.rajapack.be\/blog-be\/packagings-cosmetiques","title":{"rendered":"Les packagings cosm\u00e9tiques : les tendances pour 2023"},"content":{"rendered":"<div class=\"su-spacer\" style=\"height:20px\"><\/div>\n<p style=\"text-align: justify;\">Les produits de beaut\u00e9 et les cosm\u00e9tiques sont aussi faciles \u00e0 commander en ligne que les v\u00eatements, l&#8217;\u00e9lectronique ou les livres. En tant que boutique en ligne dans ce secteur, vous devez vous d\u00e9marquer \u00e0 chaque \u00e9tape du parcours client. Et la bonne nouvelle, c&#8217;est que l&#8217;emballage peut vous y aider\u2009! Pour tirer le meilleur parti de votre caisse, les sp\u00e9cialistes de RAJAPACK ont rassembl\u00e9 les tendances actuelles en mati\u00e8re de packagings cosm\u00e9tiques. Au programme\u00a0: la durabilit\u00e9, la fid\u00e9lisation de la client\u00e8le et, bien s\u00fbr, l&#8217;effet &#8220;waouh&#8221;. C&#8217;est parti\u2009!<\/p>\n<p style=\"text-align: justify;\"><div class=\"su-spacer\" style=\"height:20px\"><\/div>\n<h2><span style=\"color: #000000;\"><strong>1. Quelles sont les attentes des consommateurs en mati\u00e8re de packagings cosm\u00e9tiques\u2009?<\/strong><\/span><\/h2>\n<div class=\"su-spacer\" style=\"height:20px\"><\/div>\n<p style=\"text-align: justify;\">De nos jours, les acheteurs de produits cosm\u00e9tiques ne se contentent pas de v\u00e9rifier l&#8217;efficacit\u00e9 d\u2019un produit en tant que tel. Ils se m\u00e9fient de la composition naturelle des cosm\u00e9tiques, des ingr\u00e9dients utilis\u00e9s et souhaitent l&#8217;absence de tests sur les animaux. La tendance actuelle est clairement \u00e0 une beaut\u00e9 et des cosm\u00e9tiques plus &#8220;verts&#8221;. Il est tout \u00e0 fait naturel que cette tendance se refl\u00e8te dans l&#8217;emballage des produits cosm\u00e9tiques.<\/p>\n<p style=\"text-align: justify;\">Pour les fabricants de cosm\u00e9tiques, la durabilit\u00e9 est devenue un \u00e9l\u00e9ment crucial en faveur de leur image de marque. Pour ceux qui ont une boutique en ligne ou un magasin ind\u00e9pendant, il convient de suivre cette tendance et de r\u00e9fl\u00e9chir soigneusement \u00e0 l&#8217;emballage. Le bon packaging peut enrichir ou ruiner toute le ressenti client induite par une marque.<\/p>\n<p style=\"text-align: justify;\">Parall\u00e8lement, les consommateurs attendent une exp\u00e9rience plus forte de la marque et veulent en savoir plus sur la philosophie qui sous-tend les produits. Il s&#8217;agit l\u00e0 d&#8217;une autre tendance li\u00e9e aux emballages. Vous pouvez en tirer parti en personnalisant l&#8217;emballage de vos produits cosm\u00e9tiques. Essayez de transmettre vos valeurs et vos messages par le biais de l\u2019emballage, qu&#8217;il s&#8217;agisse de sa forme, de sa texture ou de son design. Une simple impression ou un autocollant color\u00e9 peut d\u00e9j\u00e0 faire toute la diff\u00e9rence\u2009!<\/p>\n<div class=\"su-spacer\" style=\"height:20px\"><\/div>\n<p><img loading=\"lazy\" decoding=\"async\" class=\"aligncenter wp-image-21211 size-full\" src=\"https:\/\/www.rajapack.be\/blog-be\/wp-content\/uploads\/2023\/07\/Voorbeelden-van-cosmetica-verpakkingen.jpg\" alt=\"Bo\u00eetes en carton pour produits cosm\u00e9tiques et caricature d'une bo\u00eete en carton\" width=\"750\" height=\"259\" srcset=\"https:\/\/www.rajapack.be\/blog-be\/wp-content\/uploads\/2023\/07\/Voorbeelden-van-cosmetica-verpakkingen.jpg 750w, https:\/\/www.rajapack.be\/blog-be\/wp-content\/uploads\/2023\/07\/Voorbeelden-van-cosmetica-verpakkingen-300x104.jpg 300w\" sizes=\"(max-width: 750px) 100vw, 750px\" \/><\/p>\n<div class=\"su-spacer\" style=\"height:20px\"><\/div>\n<div class=\"su-spacer\" style=\"height:20px\"><\/div>\n<h2><strong><span style=\"color: #000000;\">2. Cr\u00e9ez des packagings cosm\u00e9tiques parfaits en 4 \u00e9tapes<\/span><\/strong><\/h2>\n<div class=\"su-spacer\" style=\"height:20px\"><\/div>\n<p style=\"text-align: justify;\">Suivez ces quatre \u00e9tapes pour cr\u00e9er l&#8217;emballage id\u00e9al pour vos produits de beaut\u00e9 et cosm\u00e9tiques, quelle que soit la situation.<\/p>\n<ol>\n<li style=\"text-align: justify;\"><strong><strong>Choisissez la bonne qualit\u00e9 de carton\u00a0:<\/strong><\/strong>pour l&#8217;exp\u00e9dition de produits fragiles, il est indispensable d&#8217;utiliser une caisse en carton \u00e0 double cannelure. Ces caisses sont suffisamment solides pour r\u00e9sister \u00e0 un choc. Les <a href=\"https:\/\/www.rajapack.be\/fr_BE\/caisses-cartons-boites\/caisses-carton-simple-cannelure\/caisses-fond-automatique\/caisse-montage-intantane-fermeture-adhesive-interieur-blanc_OFF_BE_01226.html\" target=\"_blank\" rel=\"noopener\">caisses \u00e0 double fond<\/a> constituent \u00e9galement un choix int\u00e9ressant. Vous cr\u00e9ez ainsi une protection suppl\u00e9mentaire.<div class=\"su-spacer\" style=\"height:20px\"><\/div><\/li>\n<li style=\"text-align: justify;\"><strong>S\u00e9curisez les cosm\u00e9tiques\u00a0:<\/strong>emballez toujours soigneusement votre produit avec du film bulle ou du papier kraft. Si la surface est sensible aux rayures (par exemple le verre), il est pr\u00e9f\u00e9rable d&#8217;opter pour un film de mousse. Il faut \u00e0 tout prix \u00e9viter d&#8217;endommager le produit.<div class=\"su-spacer\" style=\"height:20px\"><\/div><\/li>\n<li style=\"text-align: justify;\"><strong>Comblez les espaces vides de l&#8217;emballage :<\/strong> les articles ont-ils trop de libert\u00e9 de mouvement dans la caisse\u2009? Remplissez ces espaces vides par des mat\u00e9riaux de rembourrage tels que du papier d&#8217;emballage, de la laine de bois ou des particules de calage en papier. <div class=\"su-spacer\" style=\"height:20px\"><\/div><\/li>\n<li style=\"text-align: justify;\"><strong>Scellez correctement la caisse et \u00e9tiquetez-la : <\/strong>la caisse contenant les produits cosm\u00e9tiques doit \u00eatre scell\u00e9e \u00e0 l&#8217;aide d&#8217;un ruban adh\u00e9sif professionnel. Lisez dans cet article la <a href=\"https:\/\/www.rajapack.be\/blog-be\/fermer-des-caisses-avec-du-ruban-adhesif\">meilleure technique pour fermer une caisse par du ruban adh\u00e9sif<\/a>. En cas de produits fragiles, il est \u00e9galement essentiel d&#8217;apposer une \u00e9tiquette d&#8217;avertissement. Cette derni\u00e8re indique clairement au transporteur qu&#8217;il doit faire preuve de prudence lorsqu&#8217;il manipule le colis.<\/li>\n<\/ol>\n<div class=\"su-spacer\" style=\"height:20px\"><\/div>\n<div class=\"su-divider su-divider-style-dotted\" style=\"margin:15px 0;border-width:3px;border-color:#999999\"><a href=\"#\" style=\"color:#999999\">Au d\u00e9but de l&#039;article<\/a><\/div>\n<div class=\"su-spacer\" style=\"height:20px\"><\/div>\n<div class=\"su-spacer\" style=\"height:20px\"><\/div>\n<h2><strong><span style=\"color: #000000;\">3. Les tendances pour vos packagings cosm\u00e9tiques en 2023<\/span><\/strong><\/h2>\n<div class=\"su-spacer\" style=\"height:20px\"><\/div>\n<div class=\"su-spacer\" style=\"height:20px\"><\/div>\n<h3><strong><span style=\"color: #d52f13;\">\u25ba <\/span><\/strong><span style=\"color: #276ef1;\"><strong>3.1 Privil\u00e9giez les mat\u00e9riaux \u00e9cologiques<\/strong><\/span><\/h3>\n<div class=\"su-spacer\" style=\"height:20px\"><\/div>\n<p style=\"text-align: justify;\">La premi\u00e8re tendance en mati\u00e8re de packagings cosm\u00e9tiques ne devrait pas vous surprendre : l&#8217;utilisation de mat\u00e9riaux \u00e9cologiques (pour chaque partie de l\u2019emballage). Les caisses, les flacons, les mat\u00e9riaux de calage et m\u00eame la fermeture d&#8217;un flacon doivent \u00eatre con\u00e7us de mani\u00e8re \u00e0 ne pas nuire \u00e0 l&#8217;environnement.<\/p>\n<p style=\"text-align: justify;\"><div class=\"su-spacer\" style=\"height:20px\"><\/div>\n<div class=\"su-table su-table-responsive su-table-alternate su-table-fixed\">\n<table>\n<tbody>\n<tr>\n<td style=\"text-align: center\" width=\"33%\"><a href=\"https:\/\/www.rajapack.be\/fr_BE\/caisses-cartons-boites\/coffrets-presentation\/coffrets-de-vin_OFF_BE_0586.html\" target=\"_blank\" rel=\"noopener\"><strong>Valisette en carton<\/strong><\/a><img loading=\"lazy\" decoding=\"async\" class=\"aligncenter wp-image-21213 size-full\" src=\"https:\/\/www.rajapack.be\/blog-be\/wp-content\/uploads\/2023\/07\/Geschenkkoffertje.jpg\" alt=\"Coffret cadeau avec frisures de papier\" width=\"350\" height=\"265\" srcset=\"https:\/\/www.rajapack.be\/blog-be\/wp-content\/uploads\/2023\/07\/Geschenkkoffertje.jpg 350w, https:\/\/www.rajapack.be\/blog-be\/wp-content\/uploads\/2023\/07\/Geschenkkoffertje-300x227.jpg 300w\" sizes=\"(max-width: 350px) 100vw, 350px\" \/><\/td>\n<td style=\"text-align: center\" width=\"33%\"><a href=\"https:\/\/www.rajapack.be\/fr_BE\/emballage-boutique\/boites-sachets-cadeau\/boite-pliante-kraft_PDT552583.html\" target=\"_blank\" rel=\"noopener\"><strong>Bo\u00eete cadeau<\/strong><\/a><img loading=\"lazy\" decoding=\"async\" class=\"aligncenter wp-image-21214 size-full\" src=\"https:\/\/www.rajapack.be\/blog-be\/wp-content\/uploads\/2023\/07\/Geschenkdoos.jpg\" alt=\"Bo\u00eete cadeau en carton avec couvercle amovible, rembourr\u00e9e avec des produits cosm\u00e9tiques\" width=\"350\" height=\"267\" srcset=\"https:\/\/www.rajapack.be\/blog-be\/wp-content\/uploads\/2023\/07\/Geschenkdoos.jpg 350w, https:\/\/www.rajapack.be\/blog-be\/wp-content\/uploads\/2023\/07\/Geschenkdoos-300x229.jpg 300w\" sizes=\"(max-width: 350px) 100vw, 350px\" \/><\/td>\n<td style=\"text-align: center\" width=\"34%\"><a href=\"https:\/\/www.rajapack.be\/fr_BE\/caisses-cartons-boites\/boites-postales-carton\/boite-postale-carton-rajapost-blanche_PDT00395.html\" target=\"_blank\" rel=\"noopener\"><strong>Bo\u00eete postale blanche<\/strong><\/a><img loading=\"lazy\" decoding=\"async\" class=\"size-full wp-image-21154 aligncenter\" src=\"https:\/\/www.rajapack.be\/blog-be\/wp-content\/uploads\/2023\/06\/Postdoos.jpg\" alt=\"Postdoos van RAJAPACK met een buitenbekleding van wit kraftpapier\" width=\"350\" height=\"267\" srcset=\"https:\/\/www.rajapack.be\/blog-be\/wp-content\/uploads\/2023\/06\/Postdoos.jpg 350w, https:\/\/www.rajapack.be\/blog-be\/wp-content\/uploads\/2023\/06\/Postdoos-300x229.jpg 300w\" sizes=\"(max-width: 350px) 100vw, 350px\" \/><\/td>\n<\/tr>\n<tr>\n<td><strong>\u2022<\/strong> Fabriqu\u00e9 en papier recycl\u00e9 et recyclable.<br \/>\n<strong>\u2022 <\/strong>Poign\u00e9e ext\u00e9rieure \u00e9l\u00e9gante.<\/td>\n<td><strong>\u2022 <\/strong>En papier recyclable.<br \/>\n<strong>\u2022 <\/strong>Montage facile et rapide.<\/td>\n<td><strong>\u2022 <\/strong>En <a href=\"https:\/\/www.rajapack.be\/blog-be\/logo-fsc\">carton FSC<\/a>.<strong><br \/>\n\u2022 <\/strong>Ext\u00e9rieur blanc pour une pr\u00e9sentation \u00e9l\u00e9gante.<strong><br \/>\n<\/strong><\/td>\n<\/tr>\n<\/tbody>\n<\/table>\n<\/div>\n<div class=\"su-spacer\" style=\"height:20px\"><\/div>\n<div class=\"su-spacer\" style=\"height:20px\"><\/div>\n<h3><strong><span style=\"color: #d52f13;\">\u25ba<\/span><\/strong><span style=\"color: #276ef1;\"><strong>3.2 L&#8217;emballage plastique r\u00e9invent\u00e9<\/strong><\/span><\/h3>\n<div class=\"su-spacer\" style=\"height:20px\"><\/div>\n<p style=\"text-align: justify;\">Votre entreprise souhaite-t-elle \u00e0 tout prix \u00e9viter le plastique\u2009? Ce raisonnement n\u2019est pas forc\u00e9ment le meilleur, car le plastique offre de nombreux avantages par rapport \u00e0 d&#8217;autres mat\u00e9riaux :<\/p>\n<ul>\n<li>Transparent : les packagings cosm\u00e9tiques transparents mettent imm\u00e9diatement le produit en valeur et lui conf\u00e8re un aspect agr\u00e9able. De plus, le plastique transparent est plus facile \u00e0 recycler.<\/li>\n<li>Recyclable : le plastique est recyclable dans la m\u00eame mesure que le papier, \u00e0 condition de le trier dans le bon flux de d\u00e9chets.<\/li>\n<li>R\u00e9sistance \u00e0 l&#8217;eau : le plastique r\u00e9siste parfaitement \u00e0 l&#8217;eau et \u00e0 l&#8217;humidit\u00e9.<\/li>\n<\/ul>\n<div class=\"su-spacer\" style=\"height:20px\"><\/div>\n<div class=\"su-table su-table-responsive su-table-alternate su-table-fixed\">\n<table>\n<tbody>\n<tr>\n<td style=\"text-align: center\" width=\"33%\"><a href=\"https:\/\/www.rajapack.be\/fr_BE\/calage-protection\/protection-bulles\/protection-bulles\/film-bulles-recycle_OFF_BE_01234.html\" target=\"_blank\" rel=\"noopener\"><strong>Film bulles<\/strong><\/a><img loading=\"lazy\" decoding=\"async\" class=\"aligncenter wp-image-21216 size-full\" src=\"https:\/\/www.rajapack.be\/blog-be\/wp-content\/uploads\/2023\/07\/Noppenfolie.jpg\" alt=\"2 rouleaux de film \u00e0 bulles en plastique transparent\" width=\"350\" height=\"268\" srcset=\"https:\/\/www.rajapack.be\/blog-be\/wp-content\/uploads\/2023\/07\/Noppenfolie.jpg 350w, https:\/\/www.rajapack.be\/blog-be\/wp-content\/uploads\/2023\/07\/Noppenfolie-300x230.jpg 300w\" sizes=\"(max-width: 350px) 100vw, 350px\" \/><\/td>\n<td style=\"text-align: center\" width=\"33%\"><a href=\"https:\/\/www.rajapack.be\/fr_BE\/calage-protection\/protection-bulle\/sachets-bulles\/sachet-bulles-fermeture-adhesive_OFF_BE_01336.html\" target=\"_blank\" rel=\"noopener\"><strong>Sachet bulles<\/strong><\/a><img loading=\"lazy\" decoding=\"async\" class=\"aligncenter wp-image-21218 size-full\" src=\"https:\/\/www.rajapack.be\/blog-be\/wp-content\/uploads\/2023\/07\/Luchtkussenzakje.jpg\" alt=\"Sachet bulles en plastique recycl\u00e9 transparent, avec 2 flacons en verre \u00e0 l'int\u00e9rieur\" width=\"350\" height=\"269\" srcset=\"https:\/\/www.rajapack.be\/blog-be\/wp-content\/uploads\/2023\/07\/Luchtkussenzakje.jpg 350w, https:\/\/www.rajapack.be\/blog-be\/wp-content\/uploads\/2023\/07\/Luchtkussenzakje-300x231.jpg 300w\" sizes=\"(max-width: 350px) 100vw, 350px\" \/><\/td>\n<td style=\"text-align: center\" width=\"34%\"><a href=\"https:\/\/www.rajapack.be\/fr_BE\/sacherie-conditionnement\/sacs-sachets-plastique\/sachets-plastique-fermeture-zip\/sachet-zip-ecologique-60microns_PDT528583.html\" target=\"_blank\" rel=\"noopener\"><b>Sachet zip<\/b><\/a><br \/>\n<img loading=\"lazy\" decoding=\"async\" class=\"aligncenter wp-image-21219 size-full\" src=\"https:\/\/www.rajapack.be\/blog-be\/wp-content\/uploads\/2023\/07\/Gripzakje.jpg\" alt=\"Sachet zip en plastique transparent recycl\u00e9, avec des produits cosm\u00e9tiques \u00e0 l'int\u00e9rieur\" width=\"350\" height=\"268\" srcset=\"https:\/\/www.rajapack.be\/blog-be\/wp-content\/uploads\/2023\/07\/Gripzakje.jpg 350w, https:\/\/www.rajapack.be\/blog-be\/wp-content\/uploads\/2023\/07\/Gripzakje-300x230.jpg 300w\" sizes=\"(max-width: 350px) 100vw, 350px\" \/><\/td>\n<\/tr>\n<tr>\n<td><strong>\u2022<\/strong> 80 % de mat\u00e9riaux recycl\u00e9s.<br \/>\n<strong>\u2022 <\/strong>Souple et l\u00e9ger\u00a0: emballez facilement tous vos objets.<\/td>\n<td><strong>\u2022 <\/strong>80\u00a0% de mat\u00e9riaux recycl\u00e9s.<br \/>\n<strong>\u2022 <\/strong>Facile \u00e0 remplir et \u00e0 fermer gr\u00e2ce \u00e0 la bande adh\u00e9sive.<\/td>\n<td><strong>\u2022 <\/strong>50\u00a0% de mat\u00e9riaux recycl\u00e9s.<strong><br \/>\n\u2022 <\/strong>Cr\u00e9ez une couche protectrice avantageuse pour vos produits.<strong><br \/>\n<\/strong><\/td>\n<\/tr>\n<\/tbody>\n<\/table>\n<\/div>\n<div class=\"su-spacer\" style=\"height:20px\"><\/div>\n<div class=\"su-spacer\" style=\"height:20px\"><\/div>\n<h3><strong><span style=\"color: #d52f13;\">\u25ba <\/span><\/strong><span style=\"color: #276ef1;\"><strong>3.3 Imprimez les bons logos sur vos packagings cosm\u00e9tiques<\/strong><\/span><\/h3>\n<div class=\"su-spacer\" style=\"height:20px\"><\/div>\n<p style=\"text-align: justify;\">Que faire de l\u2019emballage d\u2019un produit cosm\u00e9tique apr\u00e8s l&#8217;avoir d\u00e9ball\u00e9\u2009? Indiquez clairement \u00e0 vos clients comment le trier ou le r\u00e9utiliser. Vous pouvez facilement y parvenir \u00e0 l\u2019aide de quelques logos et \u00e9tiquettes universels. Gr\u00e2ce \u00e0 cela, tout le monde saura toujours \u00e0 quoi s&#8217;en tenir. Vous voulez en savoir plus\u2009? Consultez notre article de blog sur les <a href=\"https:\/\/www.rajapack.be\/blog-be\/labels-eco-responsables-emballages\">logos et \u00e9tiquettes pour emballages<\/a>.<\/p>\n<div class=\"su-spacer\" style=\"height:20px\"><\/div>\n<p><img loading=\"lazy\" decoding=\"async\" class=\"aligncenter wp-image-21220 size-full\" src=\"https:\/\/www.rajapack.be\/blog-be\/wp-content\/uploads\/2023\/07\/duurzame-logos-verpakkingen.jpg\" alt=\"Dessin d'une caisse en carton avec le logo des produits recyclables\" width=\"750\" height=\"258\" srcset=\"https:\/\/www.rajapack.be\/blog-be\/wp-content\/uploads\/2023\/07\/duurzame-logos-verpakkingen.jpg 750w, https:\/\/www.rajapack.be\/blog-be\/wp-content\/uploads\/2023\/07\/duurzame-logos-verpakkingen-300x103.jpg 300w\" sizes=\"(max-width: 750px) 100vw, 750px\" \/><\/p>\n<div class=\"su-spacer\" style=\"height:20px\"><\/div>\n<div class=\"su-spacer\" style=\"height:20px\"><\/div>\n<h3><strong><span style=\"color: #d52f13;\">\u25ba <\/span><\/strong><span style=\"color: #276ef1;\"><strong>3.4 Emballez de mani\u00e8re compacte<\/strong><\/span><\/h3>\n<div class=\"su-spacer\" style=\"height:20px\"><\/div>\n<p style=\"text-align: justify;\">Les consommateurs attachent beaucoup d\u2019importance \u00e0 une exp\u00e9rience d&#8217;achat durable. Qu&#8217;est-ce que cela signifie pour la conception de votre emballage\u2009? Tr\u00e8s clairement\u00a0: moins, c&#8217;est mieux\u2009! Veillez \u00e0 ce que l\u2019emballage soit aussi compact que possible et qu&#8217;il s&#8217;adapte parfaitement \u00e0 votre produit. Pour ce faire, utilisez par exemple une caisse \u00e0 hauteur variable, un \u00e9tui plat pour bo\u00eetes aux lettres ou une pochette matelass\u00e9e. Ces deux derni\u00e8res ont l&#8217;avantage de s&#8217;ins\u00e9rer plus facilement dans la fente d&#8217;une bo\u00eete aux lettres. Ainsi, une commande peut \u00eatre livr\u00e9e d\u00e8s la premi\u00e8re tentative, sans devoir se soucier de retours \u00e9ventuels.<\/p>\n<div class=\"su-spacer\" style=\"height:20px\"><\/div>\n<div class=\"su-table su-table-responsive su-table-alternate su-table-fixed\">\n<table>\n<tbody>\n<tr>\n<td style=\"text-align: center\" width=\"33%\"><b><a href=\"https:\/\/www.rajapack.be\/fr_BE\/caisses-cartons-boites\/boites-etuis-produits-plats_C104018.html\">\u00c9tuis plats<\/a><\/b><br \/>\n<img loading=\"lazy\" decoding=\"async\" class=\"aligncenter wp-image-21221 size-full\" src=\"https:\/\/www.rajapack.be\/blog-be\/wp-content\/uploads\/2023\/07\/Brievenbusdoosje.jpg\" alt=\"Pile de bo\u00eetes compactes de RAJAPACK comme exemple de packagings cosm\u00e9tiques\" width=\"350\" height=\"268\" srcset=\"https:\/\/www.rajapack.be\/blog-be\/wp-content\/uploads\/2023\/07\/Brievenbusdoosje.jpg 350w, https:\/\/www.rajapack.be\/blog-be\/wp-content\/uploads\/2023\/07\/Brievenbusdoosje-300x230.jpg 300w\" sizes=\"(max-width: 350px) 100vw, 350px\" \/><\/td>\n<td style=\"text-align: center\" width=\"33%\"><a href=\"https:\/\/www.rajapack.be\/fr_BE\/enveloppes-pochettes-tubes\/pochettes-matelassees_C201014.html\"><b>Pochette matelass\u00e9e<\/b><\/a><br \/>\n<img loading=\"lazy\" decoding=\"async\" class=\"aligncenter wp-image-21222 size-full\" src=\"https:\/\/www.rajapack.be\/blog-be\/wp-content\/uploads\/2023\/07\/Gewatteerde-envelop.jpg\" alt=\"Pochette matelass\u00e9e de RAJAPACK contenant des produits cosm\u00e9tiques\" width=\"350\" height=\"268\" srcset=\"https:\/\/www.rajapack.be\/blog-be\/wp-content\/uploads\/2023\/07\/Gewatteerde-envelop.jpg 350w, https:\/\/www.rajapack.be\/blog-be\/wp-content\/uploads\/2023\/07\/Gewatteerde-envelop-300x230.jpg 300w\" sizes=\"(max-width: 350px) 100vw, 350px\" \/><\/td>\n<td style=\"text-align: center\" width=\"34%\"><a href=\"https:\/\/www.rajapack.be\/blog-be\/caisse-hauteur-variable\"><b>Caisse \u00e0 hauteur variable<\/b><\/a><br \/>\n<img loading=\"lazy\" decoding=\"async\" class=\"aligncenter wp-image-21223 size-full\" src=\"https:\/\/www.rajapack.be\/blog-be\/wp-content\/uploads\/2023\/07\/Doos-variabele-hoogte.jpg\" alt=\"Bo\u00eete \u00e0 hauteur variable, pouvant \u00eatre coup\u00e9e \u00e0 la taille de votre produit \u00e0 emballer\" width=\"350\" height=\"268\" srcset=\"https:\/\/www.rajapack.be\/blog-be\/wp-content\/uploads\/2023\/07\/Doos-variabele-hoogte.jpg 350w, https:\/\/www.rajapack.be\/blog-be\/wp-content\/uploads\/2023\/07\/Doos-variabele-hoogte-300x230.jpg 300w\" sizes=\"(max-width: 350px) 100vw, 350px\" \/><\/td>\n<\/tr>\n<tr>\n<td><strong>\u2022<\/strong> Seulement 2,5 \u00e0 5 cm de hauteur.<br \/>\n<strong>\u2022 <\/strong>S&#8217;ins\u00e8re facilement dans la fente d&#8217;une bo\u00eete aux lettres.<\/td>\n<td><strong>\u2022 <\/strong>Fabriqu\u00e9 enti\u00e8rement en papier.<br \/>\n<strong>\u2022 <\/strong>Encombrement minimal.<\/td>\n<td><strong>\u2022<\/strong> Jusqu&#8217;\u00e0 12 hauteurs variables.<strong><br \/>\n\u2022 <\/strong>Parfaitement adaptable \u00e0 chaque produit.<strong><br \/>\n<\/strong><\/td>\n<\/tr>\n<\/tbody>\n<\/table>\n<\/div>\n<div class=\"su-spacer\" style=\"height:20px\"><\/div>\n<div class=\"su-divider su-divider-style-dotted\" style=\"margin:15px 0;border-width:3px;border-color:#999999\"><a href=\"#\" style=\"color:#999999\">Au d\u00e9but de l&#039;article<\/a><\/div>\n<div class=\"su-spacer\" style=\"height:20px\"><\/div>\n<div class=\"su-spacer\" style=\"height:20px\"><\/div>\n<h3><strong><span style=\"color: #d52f13;\">\u25ba <\/span><\/strong><span style=\"color: #276ef1;\"><strong>3.5 Optez pour une touche naturelle<\/strong><\/span><\/h3>\n<div class=\"su-spacer\" style=\"height:20px\"><\/div>\n<p style=\"text-align: justify;\">La couleur d\u2019un emballage a plus d&#8217;impact sur votre image que vous ne le pensez. Ces derni\u00e8res ann\u00e9es, les tons ocre, terre et pastels sont devenus indissociables des packagings cosm\u00e9tiques et de beaut\u00e9. La meilleure alternative serait donc de choisir un emballage en carton ou papier kraft naturel.<\/p>\n<div class=\"su-spacer\" style=\"height:20px\"><\/div>\n<div class=\"su-table su-table-responsive su-table-alternate su-table-fixed\">\n<table>\n<tbody>\n<tr>\n<td style=\"text-align: center\" width=\"33%\"><a href=\"https:\/\/www.rajapack.be\/fr_BE\/sacherie-conditionnement\/sachets-bulles-mousse\/sachet-papier-bulles_OFF_BE_01624.html\" target=\"_blank\" rel=\"noopener\"><b>Sachet papier bulles<\/b><\/a><br \/>\n<img loading=\"lazy\" decoding=\"async\" class=\"aligncenter wp-image-21225 size-full\" src=\"https:\/\/www.rajapack.be\/blog-be\/wp-content\/uploads\/2023\/07\/Papieren-noppenenvelop.jpg\" alt=\"Sachet bulles en papier pour l'emballage de produits de beaut\u00e9 et de cosm\u00e9tiques\" width=\"350\" height=\"268\" srcset=\"https:\/\/www.rajapack.be\/blog-be\/wp-content\/uploads\/2023\/07\/Papieren-noppenenvelop.jpg 350w, https:\/\/www.rajapack.be\/blog-be\/wp-content\/uploads\/2023\/07\/Papieren-noppenenvelop-300x230.jpg 300w\" sizes=\"(max-width: 350px) 100vw, 350px\" \/><\/td>\n<td style=\"text-align: center\" width=\"33%\"><a href=\"https:\/\/www.rajapack.be\/blog-be\/particules-calage-papier\" rel=\"noopener\"><b>Particules de calage<\/b><\/a><img loading=\"lazy\" decoding=\"async\" class=\"aligncenter wp-image-21226 size-full\" src=\"https:\/\/www.rajapack.be\/blog-be\/wp-content\/uploads\/2023\/07\/Papieren-opvulchips.jpg\" alt=\"Exemples de particules de calage papier\" width=\"350\" height=\"265\" srcset=\"https:\/\/www.rajapack.be\/blog-be\/wp-content\/uploads\/2023\/07\/Papieren-opvulchips.jpg 350w, https:\/\/www.rajapack.be\/blog-be\/wp-content\/uploads\/2023\/07\/Papieren-opvulchips-300x227.jpg 300w\" sizes=\"(max-width: 350px) 100vw, 350px\" \/><\/td>\n<td style=\"text-align: center\" width=\"34%\"><a href=\"https:\/\/www.rajapack.be\/fr_BE\/caisses-cartons-boites\/boites-postales-carton\/boite-postale-carton-rajapost-brune_PDT00397.html\" target=\"_blank\" rel=\"noopener\"><b>Bo\u00eete postale brune<\/b><\/a><img loading=\"lazy\" decoding=\"async\" class=\"aligncenter wp-image-21227 size-full\" src=\"https:\/\/www.rajapack.be\/blog-be\/wp-content\/uploads\/2023\/07\/Bruine-postdoos.jpg\" alt=\"Deux bo\u00eetes postales brunes de RAJAPACK empil\u00e9es l'une sur l'autre pour servir de packagings cosm\u00e9tiques\" width=\"350\" height=\"268\" srcset=\"https:\/\/www.rajapack.be\/blog-be\/wp-content\/uploads\/2023\/07\/Bruine-postdoos.jpg 350w, https:\/\/www.rajapack.be\/blog-be\/wp-content\/uploads\/2023\/07\/Bruine-postdoos-300x230.jpg 300w\" sizes=\"(max-width: 350px) 100vw, 350px\" \/><\/td>\n<\/tr>\n<tr>\n<td><strong>\u2022<\/strong> Fabriqu\u00e9 \u00e0 partir de papier renouvelable.<br \/>\n<strong>\u2022 <\/strong>Une excellente alternative aux sachets bulles en plastique.<\/td>\n<td><strong>\u2022 <\/strong>Aspect naturel et original.<br \/>\n<strong>\u2022 <\/strong>Remplissez l&#8217;espace vide dans l&#8217;emballage<\/td>\n<td><strong>\u2022 <\/strong>Aspect brun naturel.<strong><br \/>\n\u2022 <\/strong>Facile et rapide \u00e0 fermer gr\u00e2ce au rabat d&#8217;insertion.<strong><br \/>\n<\/strong><\/td>\n<\/tr>\n<\/tbody>\n<\/table>\n<\/div>\n<div class=\"su-spacer\" style=\"height:20px\"><\/div>\n<div class=\"su-spacer\" style=\"height:20px\"><\/div>\n<h3><strong><span style=\"color: #d52f13;\">\u25ba <\/span><\/strong><span style=\"color: #276ef1;\"><strong>3.6 Limitez-vous \u00e0 une seule couleur<\/strong><\/span><\/h3>\n<div class=\"su-spacer\" style=\"height:20px\"><\/div>\n<p style=\"text-align: justify;\">La tendance minimaliste d\u00e9crite ci-dessus s&#8217;applique \u00e9galement aux motifs color\u00e9s. Les mod\u00e8les graphiques tape-\u00e0-l&#8217;\u0153il cr\u00e9ent un look unique, mais n&#8217;inspirent pas la m\u00eame confiance qu&#8217;un emballage sobre d&#8217;une seule teinte. Bien entendu, vous pouvez miser sur une couleur dynamique ou accrocheuse, \u00e0 condition de vous en tenir \u00e0 une seule. Vous pouvez facilement et \u00e0 peu de frais ajouter des coloris en finissant l&#8217;int\u00e9rieur de votre emballage avec, par exemple, du <a href=\"https:\/\/www.rajapack.be\/fr_BE\/emballages-boutiques\/papier-soie_C851410.html\" target=\"_blank\" rel=\"noopener\">papier de soie<\/a> ou de la <a href=\"https:\/\/www.rajapack.be\/fr_BE\/calage-protection\/materieaux-remplissage\/papiers-emballage-calage\/frisure-papier-couleur_OFF_BE_0421.html\" target=\"_blank\" rel=\"noopener\">frisure de papier<\/a>.<\/p>\n<div class=\"su-spacer\" style=\"height:20px\"><\/div>\n<p><img loading=\"lazy\" decoding=\"async\" class=\"aligncenter wp-image-21228 size-full\" src=\"https:\/\/www.rajapack.be\/blog-be\/wp-content\/uploads\/2023\/07\/Zijdepapier-en-opvulsnippers-1.jpg\" alt=\"Bo\u00eete de frisure en papier bleu et du papier de soie de toutes les couleurs disponibles\" width=\"750\" height=\"256\" srcset=\"https:\/\/www.rajapack.be\/blog-be\/wp-content\/uploads\/2023\/07\/Zijdepapier-en-opvulsnippers-1.jpg 750w, https:\/\/www.rajapack.be\/blog-be\/wp-content\/uploads\/2023\/07\/Zijdepapier-en-opvulsnippers-1-300x102.jpg 300w\" sizes=\"(max-width: 750px) 100vw, 750px\" \/><\/p>\n<div class=\"su-spacer\" style=\"height:20px\"><\/div>\n<div class=\"su-spacer\" style=\"height:20px\"><\/div>\n<h3><strong><span style=\"color: #d52f13;\">\u25ba <\/span><\/strong><span style=\"color: #276ef1;\"><strong>3.7 Personnalisez vos packagings cosm\u00e9tiques<\/strong><\/span><\/h3>\n<div class=\"su-spacer\" style=\"height:20px\"><\/div>\n<p style=\"text-align: justify;\">Avec des logos personnalis\u00e9s et des couleurs compl\u00e9mentaires, vous cr\u00e9ez un emballage cosm\u00e9tique unique qui raconte votre histoire au client. Vous pouvez facilement faire imprimer des caisses, des bo\u00eetes postales, des rubans et des \u00e9tiquettes de fermeture. D\u00e9couvrez ici toutes les possibilit\u00e9s d&#8217;<a href=\"https:\/\/www.rajapack.be\/fr_BE\/personnalisation-produits_cms_000069.html\" target=\"_blank\" rel=\"noopener\">emballages personnalis\u00e9s et imprim\u00e9s<\/a> offertes par RAJAPACK.<\/p>\n<div class=\"su-spacer\" style=\"height:20px\"><\/div>\n<div class=\"su-spacer\" style=\"height:20px\"><\/div>\n<h3><strong><span style=\"color: #d52f13;\">\u25ba <\/span><\/strong><span style=\"color: #276ef1;\"><strong>3.8 D\u00e9couvrez les derni\u00e8res technologies en Smart Packaging<\/strong><\/span><\/h3>\n<div class=\"su-spacer\" style=\"height:20px\"><\/div>\n<p style=\"text-align: justify;\">Une tendance plus r\u00e9cente dans les packagings cosm\u00e9tiques est l&#8217;emballage connect\u00e9, ou &#8220;Smart Packaging&#8221;. Il s&#8217;agit d&#8217;un emballage sur lequel vous int\u00e9grez un code QR ou une puce NFC. D\u00e8s qu\u2019un client le scanne \u00e0 l\u2019aide d\u2019un smartphone, il re\u00e7oit des informations sur le produit, l&#8217;emballage ou d&#8217;\u00e9ventuels codes promotionnels. L&#8217;exp\u00e9rience client n\u2019en devient que plus interactive \u2013 et plus attrayante\u2009!<\/p>\n<div class=\"su-spacer\" style=\"height:20px\"><\/div>\n<div class=\"su-spacer\" style=\"height:20px\"><\/div>\n<p><a href=\"https:\/\/www.rajapack.be\/blog-be\/guide-emballage\"><img loading=\"lazy\" decoding=\"async\" class=\"aligncenter wp-image-20161 size-full\" src=\"https:\/\/www.rajapack.be\/blog-be\/wp-content\/uploads\/2022\/10\/Telecharger-PDF-guide-emballage_V2-1.jpg\" alt=\"PDF Guide de l'emballage pour e-commerce RAJA\" width=\"750\" height=\"258\" srcset=\"https:\/\/www.rajapack.be\/blog-be\/wp-content\/uploads\/2022\/10\/Telecharger-PDF-guide-emballage_V2-1.jpg 750w, https:\/\/www.rajapack.be\/blog-be\/wp-content\/uploads\/2022\/10\/Telecharger-PDF-guide-emballage_V2-1-300x103.jpg 300w\" sizes=\"(max-width: 750px) 100vw, 750px\" \/><\/a><\/p>\n","protected":false},"excerpt":{"rendered":"<p>Les produits de beaut\u00e9 et les cosm\u00e9tiques sont aussi faciles \u00e0 commander en ligne que les v\u00eatements, l&#8217;\u00e9lectronique ou les livres. En tant que boutique en ligne dans ce secteur, [&#8230;]<\/p>\n","protected":false},"author":64,"featured_media":21208,"comment_status":"open","ping_status":"open","sticky":false,"template":"","format":"standard","meta":{"_acf_changed":false,"footnotes":""},"categories":[695],"tags":[868,850,840,808],"class_list":["post-21207","post","type-post","status-publish","format-standard","has-post-thumbnail","hentry","category-ecommerce","tag-decoration","tag-emballages-cadeaux","tag-emballages-detail","tag-produits-eco-responsables"],"acf":[],"yoast_head":"<!-- This site is optimized with the Yoast SEO plugin v23.0 - https:\/\/yoast.com\/wordpress\/plugins\/seo\/ -->\n<title>Packagings cosm\u00e9tiques : les tendances pour 2023 | RAJAPACK<\/title>\n<meta name=\"description\" content=\"Inspirez-vous de ces tendances contemporaines pour les packagings cosm\u00e9tiques. \u2713 Conseils gratuits de RAJAPACK.\" \/>\n<meta name=\"robots\" content=\"index, follow, max-snippet:-1, max-image-preview:large, max-video-preview:-1\" \/>\n<link rel=\"canonical\" href=\"https:\/\/www.rajapack.be\/blog-be\/packagings-cosmetiques\" \/>\n<meta property=\"og:locale\" content=\"nl_BE\" \/>\n<meta property=\"og:type\" content=\"article\" \/>\n<meta property=\"og:title\" content=\"Packagings cosm\u00e9tiques : les tendances pour 2023 | RAJAPACK\" \/>\n<meta property=\"og:description\" content=\"Inspirez-vous de ces tendances contemporaines pour les packagings cosm\u00e9tiques. \u2713 Conseils gratuits de RAJAPACK.\" \/>\n<meta property=\"og:url\" content=\"https:\/\/www.rajapack.be\/blog-be\/packagings-cosmetiques\" \/>\n<meta property=\"og:site_name\" content=\"RAJA Blog\" \/>\n<meta property=\"article:publisher\" content=\"https:\/\/www.facebook.com\/rajapackbenelux\" \/>\n<meta property=\"article:published_time\" content=\"2023-08-24T07:08:19+00:00\" \/>\n<meta property=\"article:modified_time\" content=\"2024-01-29T09:40:58+00:00\" \/>\n<meta property=\"og:image\" content=\"https:\/\/www.rajapack.be\/blog-be\/wp-content\/uploads\/2023\/07\/Cosmetica-verpakkingen-RAJA.jpg\" \/>\n\t<meta property=\"og:image:width\" content=\"1004\" \/>\n\t<meta property=\"og:image:height\" content=\"602\" \/>\n\t<meta property=\"og:image:type\" content=\"image\/jpeg\" \/>\n<meta name=\"author\" content=\"Arne\" \/>\n<meta name=\"twitter:card\" content=\"summary_large_image\" \/>\n<meta name=\"twitter:creator\" content=\"@RajaBelgium\" \/>\n<meta name=\"twitter:site\" content=\"@RajaBelgium\" \/>\n<meta name=\"twitter:label1\" content=\"Geschreven door\" \/>\n\t<meta name=\"twitter:data1\" content=\"Arne\" \/>\n\t<meta name=\"twitter:label2\" content=\"Geschatte leestijd\" \/>\n\t<meta name=\"twitter:data2\" content=\"11 minuten\" \/>\n<script type=\"application\/ld+json\" class=\"yoast-schema-graph\">{\n\t    \"@context\": \"https:\/\/schema.org\",\n\t    \"@graph\": [\n\t        {\n\t            \"@type\": \"Article\",\n\t            \"@id\": \"https:\/\/www.rajapack.be\/blog-be\/packagings-cosmetiques#article\",\n\t            \"isPartOf\": {\n\t                \"@id\": \"https:\/\/www.rajapack.be\/blog-be\/packagings-cosmetiques\"\n\t            },\n\t            \"author\": {\n\t                \"name\": \"Arne\",\n\t                \"@id\": \"https:\/\/www.rajapack.be\/blog-be\/#\/schema\/person\/57b1d9f661118e1cc24542e70bfbe2b3\"\n\t            },\n\t            \"headline\": \"Les packagings cosm\u00e9tiques : les tendances pour 2023\",\n\t            \"datePublished\": \"2023-08-24T07:08:19+00:00\",\n\t            \"dateModified\": \"2024-01-29T09:40:58+00:00\",\n\t            \"mainEntityOfPage\": {\n\t                \"@id\": \"https:\/\/www.rajapack.be\/blog-be\/packagings-cosmetiques\"\n\t            },\n\t            \"wordCount\": 1607,\n\t            \"commentCount\": 0,\n\t            \"publisher\": {\n\t                \"@id\": \"https:\/\/www.rajapack.be\/blog-be\/#organization\"\n\t            },\n\t            \"image\": {\n\t                \"@id\": \"https:\/\/www.rajapack.be\/blog-be\/packagings-cosmetiques#primaryimage\"\n\t            },\n\t            \"thumbnailUrl\": \"https:\/\/www.rajapack.be\/blog-be\/wp-content\/uploads\/2023\/07\/Cosmetica-verpakkingen-RAJA.jpg\",\n\t            \"keywords\": [\n\t                \"D\u00e9coration\",\n\t                \"Emballages cadeaux\",\n\t                \"Emballages de d\u00e9tail\",\n\t                \"Produits \u00e9co-responsables\"\n\t            ],\n\t            \"articleSection\": [\n\t                \"Ecommerce\"\n\t            ],\n\t            \"inLanguage\": \"nl-BE\",\n\t            \"potentialAction\": [\n\t                {\n\t                    \"@type\": \"CommentAction\",\n\t                    \"name\": \"Comment\",\n\t                    \"target\": [\n\t                        \"https:\/\/www.rajapack.be\/blog-be\/packagings-cosmetiques#respond\"\n\t                    ]\n\t                }\n\t            ]\n\t        },\n\t        {\n\t            \"@type\": \"WebPage\",\n\t            \"@id\": \"https:\/\/www.rajapack.be\/blog-be\/packagings-cosmetiques\",\n\t            \"url\": \"https:\/\/www.rajapack.be\/blog-be\/packagings-cosmetiques\",\n\t            \"name\": \"Packagings cosm\u00e9tiques : les tendances pour 2023 | RAJAPACK\",\n\t            \"isPartOf\": {\n\t                \"@id\": \"https:\/\/www.rajapack.be\/blog-be\/#website\"\n\t            },\n\t            \"primaryImageOfPage\": {\n\t                \"@id\": \"https:\/\/www.rajapack.be\/blog-be\/packagings-cosmetiques#primaryimage\"\n\t            },\n\t            \"image\": {\n\t                \"@id\": \"https:\/\/www.rajapack.be\/blog-be\/packagings-cosmetiques#primaryimage\"\n\t            },\n\t            \"thumbnailUrl\": \"https:\/\/www.rajapack.be\/blog-be\/wp-content\/uploads\/2023\/07\/Cosmetica-verpakkingen-RAJA.jpg\",\n\t            \"datePublished\": \"2023-08-24T07:08:19+00:00\",\n\t            \"dateModified\": \"2024-01-29T09:40:58+00:00\",\n\t            \"description\": \"Inspirez-vous de ces tendances contemporaines pour les packagings cosm\u00e9tiques. \u2713 Conseils gratuits de RAJAPACK.\",\n\t            \"inLanguage\": \"nl-BE\",\n\t            \"potentialAction\": [\n\t                {\n\t                    \"@type\": \"ReadAction\",\n\t                    \"target\": [\n\t                        \"https:\/\/www.rajapack.be\/blog-be\/packagings-cosmetiques\"\n\t                    ]\n\t                }\n\t            ]\n\t        },\n\t        {\n\t            \"@type\": \"ImageObject\",\n\t            \"inLanguage\": \"nl-BE\",\n\t            \"@id\": \"https:\/\/www.rajapack.be\/blog-be\/packagings-cosmetiques#primaryimage\",\n\t            \"url\": \"https:\/\/www.rajapack.be\/blog-be\/wp-content\/uploads\/2023\/07\/Cosmetica-verpakkingen-RAJA.jpg\",\n\t            \"contentUrl\": \"https:\/\/www.rajapack.be\/blog-be\/wp-content\/uploads\/2023\/07\/Cosmetica-verpakkingen-RAJA.jpg\",\n\t            \"width\": 1004,\n\t            \"height\": 602,\n\t            \"caption\": \"Exemple d'une caisse comme packagings cosm\u00e9tiques, remplie de flacons de produits de beaut\u00e9\"\n\t        },\n\t        {\n\t            \"@type\": \"WebSite\",\n\t            \"@id\": \"https:\/\/www.rajapack.be\/blog-be\/#website\",\n\t            \"url\": \"https:\/\/www.rajapack.be\/blog-be\/\",\n\t            \"name\": \"RAJA Blog\",\n\t            \"description\": \"Alles over verpakkingen, logistiek en meer\",\n\t            \"publisher\": {\n\t                \"@id\": \"https:\/\/www.rajapack.be\/blog-be\/#organization\"\n\t            },\n\t            \"potentialAction\": [\n\t                {\n\t                    \"@type\": \"SearchAction\",\n\t                    \"target\": {\n\t                        \"@type\": \"EntryPoint\",\n\t                        \"urlTemplate\": \"https:\/\/www.rajapack.be\/blog-be\/?s={search_term_string}\"\n\t                    },\n\t                    \"query-input\": \"required name=search_term_string\"\n\t                }\n\t            ],\n\t            \"inLanguage\": \"nl-BE\"\n\t        },\n\t        {\n\t            \"@type\": \"Organization\",\n\t            \"@id\": \"https:\/\/www.rajapack.be\/blog-be\/#organization\",\n\t            \"name\": \"RAJA Benelux\",\n\t            \"url\": \"https:\/\/www.rajapack.be\/blog-be\/\",\n\t            \"logo\": {\n\t                \"@type\": \"ImageObject\",\n\t                \"inLanguage\": \"nl-BE\",\n\t                \"@id\": \"https:\/\/www.rajapack.be\/blog-be\/#\/schema\/logo\/image\/\",\n\t                \"url\": \"https:\/\/www.rajapack.be\/blog-be\/wp-content\/uploads\/2022\/09\/RAJA-logo-social.png\",\n\t                \"contentUrl\": \"https:\/\/www.rajapack.be\/blog-be\/wp-content\/uploads\/2022\/09\/RAJA-logo-social.png\",\n\t                \"width\": 497,\n\t                \"height\": 491,\n\t                \"caption\": \"RAJA Benelux\"\n\t            },\n\t            \"image\": {\n\t                \"@id\": \"https:\/\/www.rajapack.be\/blog-be\/#\/schema\/logo\/image\/\"\n\t            },\n\t            \"sameAs\": [\n\t                \"https:\/\/www.facebook.com\/rajapackbenelux\",\n\t                \"https:\/\/x.com\/RajaBelgium\"\n\t            ]\n\t        },\n\t        {\n\t            \"@type\": \"Person\",\n\t            \"@id\": \"https:\/\/www.rajapack.be\/blog-be\/#\/schema\/person\/57b1d9f661118e1cc24542e70bfbe2b3\",\n\t            \"name\": \"Arne\",\n\t            \"image\": {\n\t                \"@type\": \"ImageObject\",\n\t                \"inLanguage\": \"nl-BE\",\n\t                \"@id\": \"https:\/\/www.rajapack.be\/blog-be\/#\/schema\/person\/image\/\",\n\t                \"url\": \"https:\/\/secure.gravatar.com\/avatar\/f2bcd48cb1fcf446fc71a87f4162d3ed?s=96&r=g\",\n\t                \"contentUrl\": \"https:\/\/secure.gravatar.com\/avatar\/f2bcd48cb1fcf446fc71a87f4162d3ed?s=96&r=g\",\n\t                \"caption\": \"Arne\"\n\t            },\n\t            \"description\": \"Met een scherp oog voor SEO en een vlotte pen, brengt Arne het verhaal van RAJAPACK's assortiment en vertelt hij over de laatste trends in verpakkingen, logistiek en zoveel meer.\",\n\t            \"url\": \"https:\/\/www.rajapack.be\/blog-be\/author\/arne-leen\"\n\t        }\n\t    ]\n\t}<\/script>\n<!-- \/ Yoast SEO plugin. -->","yoast_head_json":{"title":"Packagings cosm\u00e9tiques : les tendances pour 2023 | RAJAPACK","description":"Inspirez-vous de ces tendances contemporaines pour les packagings cosm\u00e9tiques. \u2713 Conseils gratuits de RAJAPACK.","robots":{"index":"index","follow":"follow","max-snippet":"max-snippet:-1","max-image-preview":"max-image-preview:large","max-video-preview":"max-video-preview:-1"},"canonical":"https:\/\/www.rajapack.be\/blog-be\/packagings-cosmetiques","og_locale":"nl_BE","og_type":"article","og_title":"Packagings cosm\u00e9tiques : les tendances pour 2023 | RAJAPACK","og_description":"Inspirez-vous de ces tendances contemporaines pour les packagings cosm\u00e9tiques. \u2713 Conseils gratuits de RAJAPACK.","og_url":"https:\/\/www.rajapack.be\/blog-be\/packagings-cosmetiques","og_site_name":"RAJA Blog","article_publisher":"https:\/\/www.facebook.com\/rajapackbenelux","article_published_time":"2023-08-24T07:08:19+00:00","article_modified_time":"2024-01-29T09:40:58+00:00","og_image":[{"width":1004,"height":602,"url":"https:\/\/www.rajapack.be\/blog-be\/wp-content\/uploads\/2023\/07\/Cosmetica-verpakkingen-RAJA.jpg","type":"image\/jpeg"}],"author":"Arne","twitter_card":"summary_large_image","twitter_creator":"@RajaBelgium","twitter_site":"@RajaBelgium","twitter_misc":{"Geschreven door":"Arne","Geschatte leestijd":"11 minuten"},"schema":{"@context":"https:\/\/schema.org","@graph":[{"@type":"Article","@id":"https:\/\/www.rajapack.be\/blog-be\/packagings-cosmetiques#article","isPartOf":{"@id":"https:\/\/www.rajapack.be\/blog-be\/packagings-cosmetiques"},"author":{"name":"Arne","@id":"https:\/\/www.rajapack.be\/blog-be\/#\/schema\/person\/57b1d9f661118e1cc24542e70bfbe2b3"},"headline":"Les packagings cosm\u00e9tiques : les tendances pour 2023","datePublished":"2023-08-24T07:08:19+00:00","dateModified":"2024-01-29T09:40:58+00:00","mainEntityOfPage":{"@id":"https:\/\/www.rajapack.be\/blog-be\/packagings-cosmetiques"},"wordCount":1607,"commentCount":0,"publisher":{"@id":"https:\/\/www.rajapack.be\/blog-be\/#organization"},"image":{"@id":"https:\/\/www.rajapack.be\/blog-be\/packagings-cosmetiques#primaryimage"},"thumbnailUrl":"https:\/\/www.rajapack.be\/blog-be\/wp-content\/uploads\/2023\/07\/Cosmetica-verpakkingen-RAJA.jpg","keywords":["D\u00e9coration","Emballages cadeaux","Emballages de d\u00e9tail","Produits \u00e9co-responsables"],"articleSection":["Ecommerce"],"inLanguage":"nl-BE","potentialAction":[{"@type":"CommentAction","name":"Comment","target":["https:\/\/www.rajapack.be\/blog-be\/packagings-cosmetiques#respond"]}]},{"@type":"WebPage","@id":"https:\/\/www.rajapack.be\/blog-be\/packagings-cosmetiques","url":"https:\/\/www.rajapack.be\/blog-be\/packagings-cosmetiques","name":"Packagings cosm\u00e9tiques : les tendances pour 2023 | RAJAPACK","isPartOf":{"@id":"https:\/\/www.rajapack.be\/blog-be\/#website"},"primaryImageOfPage":{"@id":"https:\/\/www.rajapack.be\/blog-be\/packagings-cosmetiques#primaryimage"},"image":{"@id":"https:\/\/www.rajapack.be\/blog-be\/packagings-cosmetiques#primaryimage"},"thumbnailUrl":"https:\/\/www.rajapack.be\/blog-be\/wp-content\/uploads\/2023\/07\/Cosmetica-verpakkingen-RAJA.jpg","datePublished":"2023-08-24T07:08:19+00:00","dateModified":"2024-01-29T09:40:58+00:00","description":"Inspirez-vous de ces tendances contemporaines pour les packagings cosm\u00e9tiques. \u2713 Conseils gratuits de RAJAPACK.","inLanguage":"nl-BE","potentialAction":[{"@type":"ReadAction","target":["https:\/\/www.rajapack.be\/blog-be\/packagings-cosmetiques"]}]},{"@type":"ImageObject","inLanguage":"nl-BE","@id":"https:\/\/www.rajapack.be\/blog-be\/packagings-cosmetiques#primaryimage","url":"https:\/\/www.rajapack.be\/blog-be\/wp-content\/uploads\/2023\/07\/Cosmetica-verpakkingen-RAJA.jpg","contentUrl":"https:\/\/www.rajapack.be\/blog-be\/wp-content\/uploads\/2023\/07\/Cosmetica-verpakkingen-RAJA.jpg","width":1004,"height":602,"caption":"Exemple d'une caisse comme packagings cosm\u00e9tiques, remplie de flacons de produits de beaut\u00e9"},{"@type":"WebSite","@id":"https:\/\/www.rajapack.be\/blog-be\/#website","url":"https:\/\/www.rajapack.be\/blog-be\/","name":"RAJA Blog","description":"Alles over verpakkingen, logistiek en meer","publisher":{"@id":"https:\/\/www.rajapack.be\/blog-be\/#organization"},"potentialAction":[{"@type":"SearchAction","target":{"@type":"EntryPoint","urlTemplate":"https:\/\/www.rajapack.be\/blog-be\/?s={search_term_string}"},"query-input":"required name=search_term_string"}],"inLanguage":"nl-BE"},{"@type":"Organization","@id":"https:\/\/www.rajapack.be\/blog-be\/#organization","name":"RAJA Benelux","url":"https:\/\/www.rajapack.be\/blog-be\/","logo":{"@type":"ImageObject","inLanguage":"nl-BE","@id":"https:\/\/www.rajapack.be\/blog-be\/#\/schema\/logo\/image\/","url":"https:\/\/www.rajapack.be\/blog-be\/wp-content\/uploads\/2022\/09\/RAJA-logo-social.png","contentUrl":"https:\/\/www.rajapack.be\/blog-be\/wp-content\/uploads\/2022\/09\/RAJA-logo-social.png","width":497,"height":491,"caption":"RAJA Benelux"},"image":{"@id":"https:\/\/www.rajapack.be\/blog-be\/#\/schema\/logo\/image\/"},"sameAs":["https:\/\/www.facebook.com\/rajapackbenelux","https:\/\/x.com\/RajaBelgium"]},{"@type":"Person","@id":"https:\/\/www.rajapack.be\/blog-be\/#\/schema\/person\/57b1d9f661118e1cc24542e70bfbe2b3","name":"Arne","image":{"@type":"ImageObject","inLanguage":"nl-BE","@id":"https:\/\/www.rajapack.be\/blog-be\/#\/schema\/person\/image\/","url":"https:\/\/secure.gravatar.com\/avatar\/f2bcd48cb1fcf446fc71a87f4162d3ed?s=96&r=g","contentUrl":"https:\/\/secure.gravatar.com\/avatar\/f2bcd48cb1fcf446fc71a87f4162d3ed?s=96&r=g","caption":"Arne"},"description":"Met een scherp oog voor SEO en een vlotte pen, brengt Arne het verhaal van RAJAPACK's assortiment en vertelt hij over de laatste trends in verpakkingen, logistiek en zoveel meer.","url":"https:\/\/www.rajapack.be\/blog-be\/author\/arne-leen"}]}},"_links":{"self":[{"href":"https:\/\/www.rajapack.be\/blog-be\/wp-json\/wp\/v2\/posts\/21207"}],"collection":[{"href":"https:\/\/www.rajapack.be\/blog-be\/wp-json\/wp\/v2\/posts"}],"about":[{"href":"https:\/\/www.rajapack.be\/blog-be\/wp-json\/wp\/v2\/types\/post"}],"author":[{"embeddable":true,"href":"https:\/\/www.rajapack.be\/blog-be\/wp-json\/wp\/v2\/users\/64"}],"replies":[{"embeddable":true,"href":"https:\/\/www.rajapack.be\/blog-be\/wp-json\/wp\/v2\/comments?post=21207"}],"version-history":[{"count":11,"href":"https:\/\/www.rajapack.be\/blog-be\/wp-json\/wp\/v2\/posts\/21207\/revisions"}],"predecessor-version":[{"id":22416,"href":"https:\/\/www.rajapack.be\/blog-be\/wp-json\/wp\/v2\/posts\/21207\/revisions\/22416"}],"wp:featuredmedia":[{"embeddable":true,"href":"https:\/\/www.rajapack.be\/blog-be\/wp-json\/wp\/v2\/media\/21208"}],"wp:attachment":[{"href":"https:\/\/www.rajapack.be\/blog-be\/wp-json\/wp\/v2\/media?parent=21207"}],"wp:term":[{"taxonomy":"category","embeddable":true,"href":"https:\/\/www.rajapack.be\/blog-be\/wp-json\/wp\/v2\/categories?post=21207"},{"taxonomy":"post_tag","embeddable":true,"href":"https:\/\/www.rajapack.be\/blog-be\/wp-json\/wp\/v2\/tags?post=21207"}],"curies":[{"name":"wp","href":"https:\/\/api.w.org\/{rel}","templated":true}]}}