{"id":4277,"date":"2024-03-27T09:00:21","date_gmt":"2024-03-27T08:00:21","guid":{"rendered":"https:\/\/www.rajapack.be\/blog-be\/?p=4277"},"modified":"2026-02-26T13:40:03","modified_gmt":"2026-02-26T12:40:03","slug":"emballage-personnalise","status":"publish","type":"post","link":"https:\/\/www.rajapack.be\/blog-be\/emballage-personnalise","title":{"rendered":"D\u00e9couvrez les avantages de l\u2019emballage personnalis\u00e9"},"content":{"rendered":"<div class=\"su-spacer\" style=\"height:20px\"><\/div>\n<p style=\"text-align: justify;\">L&#8217;emballage est le premier point de contact physique entre les entreprises et les consommateurs. C&#8217;est pr\u00e9cis\u00e9ment pour cette raison qu&#8217;ils font bien plus que prot\u00e9ger les produits. Ils constituent \u00e9galement un puissant outil de marketing pour votre marque. Avec un emballage personnalis\u00e9, vous ne vous contentez pas de raconter une histoire \u00e0 vos clients. Vous renforcez \u00e9galement l&#8217;identit\u00e9 de votre marque&#8230; ce qui pr\u00e9sente de nombreux atouts. Curieux des avantages de l&#8217;emballage personnalis\u00e9\u2009? D\u00e9taillons tout cela.<\/p>\n<div class=\"su-spacer\" style=\"height:20px\"><\/div>\n<div class=\"su-spacer\" style=\"height:20px\"><\/div>\n<h2><span style=\"color: #000000;\"><strong>1. Pourquoi choisir un emballage personnalis\u00e9\u2009? <\/strong><\/span><\/h2>\n<div class=\"su-spacer\" style=\"height:20px\"><\/div>\n<p style=\"text-align: justify;\">Recruter de nouveaux clients&#8230; C&#8217;est un casse-t\u00eate consid\u00e9rable pour de nombreuses entreprises. Une enqu\u00eate<sup>1<\/sup> a montr\u00e9 que les co\u00fbts de marketing pour un nouveau client sont 5 \u00e0 25 fois plus \u00e9lev\u00e9s que les co\u00fbts de fid\u00e9lisation d&#8217;un client existant. Les clients existants sont non seulement plus enclins \u00e0 acheter vos produits, mais aussi \u00e0 devenir de vrais ambassadeurs de votre marque. Et comme vous le savez : la bouche parle de ce dont le c\u0153ur est empli&#8230; Ces clients d\u00e9livrent beaucoup de <strong>publicit\u00e9 gratuite<\/strong> \u00e0 leurs amis, leur famille et leurs coll\u00e8gues.<\/p>\n<p style=\"text-align: justify;\">Les statistiques montrent qu\u2019un emballage personnalis\u00e9 encourage les achats r\u00e9p\u00e9titifs. Le bureau de conseil en management Bain &amp; Company d\u00e9clare qu&#8217;une am\u00e9lioration de 5 % de la fid\u00e9lisation de la client\u00e8le se traduira par une <strong>augmentation de 25 % du chiffre d&#8217;affaires<\/strong>. La conception et l&#8217;introduction d&#8217;un tel emballage personnalis\u00e9 co\u00fbtent certes de l&#8217;argent, mais l&#8217;investissement en vaut la peine et portera ses fruits, d\u00e9clarent-ils.<\/p>\n<div class=\"su-spacer\" style=\"height:20px\"><\/div>\n<h4 style=\"text-align: justify;\"><span style=\"color: #276ef1;\"><div class=\"su-quote su-quote-style-default\"><div class=\"su-quote-inner su-u-clearfix su-u-trim\"><em>Concevoir un emballage personnalis\u00e9 est tr\u00e8s simple\u2009! Par exemple, utilisez un sac pourvu des couleurs de votre style maison et vous verrez imm\u00e9diatement un effet positif sur votre exp\u00e9rience client<\/em><em>.<\/em><\/div><\/div><\/span><\/h4>\n<div class=\"su-spacer\" style=\"height:20px\"><\/div>\n<p><img loading=\"lazy\" decoding=\"async\" class=\"aligncenter wp-image-22834\" src=\"https:\/\/www.rajapack.be\/blog-be\/wp-content\/uploads\/2018\/10\/Personalisatie-1-2.jpg\" alt=\"Sacs \u00e0 emporter en diff\u00e9rentes couleurs\" width=\"700\" height=\"394\" srcset=\"https:\/\/www.rajapack.be\/blog-be\/wp-content\/uploads\/2018\/10\/Personalisatie-1-2.jpg 848w, https:\/\/www.rajapack.be\/blog-be\/wp-content\/uploads\/2018\/10\/Personalisatie-1-2-300x169.jpg 300w, https:\/\/www.rajapack.be\/blog-be\/wp-content\/uploads\/2018\/10\/Personalisatie-1-2-768x432.jpg 768w\" sizes=\"(max-width: 700px) 100vw, 700px\" \/><\/p>\n<div class=\"su-spacer\" style=\"height:20px\"><\/div>\n<div class=\"su-spacer\" style=\"height:20px\"><\/div>\n<h2><span style=\"color: #000000;\"><strong>2. Comment les emballages personnalis\u00e9s stimulent-ils le comportement d&#8217;achat\u2009?<\/strong><\/span><\/h2>\n<div class=\"su-spacer\" style=\"height:20px\"><\/div>\n<p style=\"text-align: justify;\">Comment s\u2019assurer que les consommateurs apprennent \u00e0 conna\u00eetre votre marque\u2009? En la faisant ressortir, de pr\u00e9f\u00e9rence partout. Un emballage qui se d\u00e9marque est un outil pratique et <strong>peu co\u00fbteux<\/strong>. C&#8217;est en tout cas moins cher qu&#8217;une campagne m\u00e9diatique \u00e0 la t\u00e9l\u00e9vision ou \u00e0 la radio.<\/p>\n<p style=\"text-align: justify;\">Souvent, offrir un bon produit ne suffit pas. Le client veut \u00eatre \u00e9bloui par un <strong>concept cr\u00e9atif, frais et surtout inoubliable<\/strong>. Si votre colis ressemble \u00e0 n\u2019importe quel autre, le client ne se souviendra pas de vous.<\/p>\n<p style=\"text-align: justify;\">Notre conseil\u00a0: offrir au client ce qu&#8217;il n&#8217;avait jamais vu auparavant. Se diff\u00e9rencier de la concurrence. C&#8217;est la seule fa\u00e7on de laisser une impression durable et d&#8217;atteindre le \u00ab\u00a0<em>top of mind awareness<\/em> \u00bb. Dans ce but, l&#8217;emballage personnalis\u00e9 est un moyen simple et indispensable. En effet, la personnalisation d&#8217;un emballage fait appel \u00e0 de nombreuses techniques de marketing.<\/p>\n<div class=\"su-spacer\" style=\"height:20px\"><\/div>\n<p><img loading=\"lazy\" decoding=\"async\" class=\"aligncenter wp-image-22822\" src=\"https:\/\/www.rajapack.be\/blog-be\/wp-content\/uploads\/2018\/10\/Personalisatie-2-1.jpg\" alt=\"Femme heureuse ouvre une caisse\" width=\"700\" height=\"394\" srcset=\"https:\/\/www.rajapack.be\/blog-be\/wp-content\/uploads\/2018\/10\/Personalisatie-2-1.jpg 1000w, https:\/\/www.rajapack.be\/blog-be\/wp-content\/uploads\/2018\/10\/Personalisatie-2-1-300x169.jpg 300w, https:\/\/www.rajapack.be\/blog-be\/wp-content\/uploads\/2018\/10\/Personalisatie-2-1-768x432.jpg 768w\" sizes=\"(max-width: 700px) 100vw, 700px\" \/><\/p>\n<div class=\"su-spacer\" style=\"height:20px\"><\/div>\n<h3><span style=\"color: #1e4fb0;\"><strong><span style=\"color: #d52f13;\">\u25ba <\/span><\/strong><span style=\"color: #276ef1;\"><strong>La perception fait la diff\u00e9rence<\/strong><\/span><\/span><\/h3>\n<div class=\"su-spacer\" style=\"height:20px\"><\/div>\n<p style=\"text-align: justify;\">Les \u00e9tudes montrent que 72\u00a0% des consommateurs associent automatiquement un emballage attractif \u00e0 une <strong>marque de qualit\u00e9<\/strong>. L&#8217;emballage personnalis\u00e9 montre qu&#8217;en tant qu&#8217;entreprise, vous \u00eates fier de votre marque et appr\u00e9ciez offrir une belle finition. Donnez une touche personnelle \u00e0 vos caisses ou sacs, et vous remarquerez que la confiance en votre marque augmente.<\/p>\n<p style=\"text-align: justify;\">Une autre \u00e9tude\u00b3 mentionne une observation int\u00e9ressante sur la relation entre l&#8217;emballage et la perception du client. Les produits dot\u00e9s d&#8217;un emballage haut de gamme sont consid\u00e9r\u00e9s comme ayant jusqu&#8217;\u00e0 45\u00a0% plus de valeur que ceux dot\u00e9s d&#8217;un emballage g\u00e9n\u00e9rique. En outre, les emballages haut de gamme b\u00e9n\u00e9ficient d&#8217;une cote de confiance plus \u00e9lev\u00e9e que les emballages g\u00e9n\u00e9riques.<\/p>\n<p style=\"text-align: justify;\">Un emballage personnalis\u00e9 cr\u00e9e justement un sentiment de qualit\u00e9 sup\u00e9rieure, ce qui accro\u00eet la <strong>valeur per\u00e7ue<\/strong> du produit. Il est donc pr\u00e9f\u00e9rable d&#8217;opter pour des conceptions visuelles d&#8217;emballage appropri\u00e9es, en accordant une attention particuli\u00e8re \u00e0 une excellente <a href=\"https:\/\/www.rajapack.be\/blog-be\/experience-unboxing\" rel=\"noopener\">exp\u00e9rience de d\u00e9ballage<\/a>. Apr\u00e8s tout, la qualit\u00e9 et la confiance cr\u00e9ent une perception positive de votre produit.<\/p>\n<div class=\"su-spacer\" style=\"height:20px\"><\/div>\n<p><img loading=\"lazy\" decoding=\"async\" class=\"aligncenter wp-image-22823\" src=\"https:\/\/www.rajapack.be\/blog-be\/wp-content\/uploads\/2018\/10\/Personalisatie-3-1.jpg\" alt=\"Emballage avec impression myst\u00e9rieuse\" width=\"450\" height=\"450\" srcset=\"https:\/\/www.rajapack.be\/blog-be\/wp-content\/uploads\/2018\/10\/Personalisatie-3-1.jpg 480w, https:\/\/www.rajapack.be\/blog-be\/wp-content\/uploads\/2018\/10\/Personalisatie-3-1-300x300.jpg 300w, https:\/\/www.rajapack.be\/blog-be\/wp-content\/uploads\/2018\/10\/Personalisatie-3-1-150x150.jpg 150w, https:\/\/www.rajapack.be\/blog-be\/wp-content\/uploads\/2018\/10\/Personalisatie-3-1-120x120.jpg 120w\" sizes=\"(max-width: 450px) 100vw, 450px\" \/><\/p>\n<div class=\"su-spacer\" style=\"height:20px\"><\/div>\n<div class=\"su-spacer\" style=\"height:20px\"><\/div>\n<h3><span style=\"color: #1e4fb0;\"><strong><span style=\"color: #d52f13;\">\u25ba <\/span><\/strong><span style=\"color: #276ef1;\"><strong>Le pouvoir de la reconnaissance<\/strong><\/span><\/span><\/h3>\n<div class=\"su-spacer\" style=\"height:20px\"><\/div>\n<p style=\"text-align: justify;\">\u00c0 bien y r\u00e9fl\u00e9chir, nous connaissons certaines marques beaucoup mieux que d&#8217;autres. Par exemple, nous reconnaissons instantan\u00e9ment certaines marques \u00e0 leur logo, \u00e0 leur couleur ou \u00e0 la conception de leur emballage. La marque Apple est un exemple bien connu de design d&#8217;emballage. Apple con\u00e7oit ses emballages de mani\u00e8re simple, propre et directe dans une bo\u00eete blanche minimaliste pour tous ses produits. Il n&#8217;est donc pas toujours n\u00e9cessaire d&#8217;utiliser des couleurs vives pour se d\u00e9marquer. Apple prouve qu&#8217;un emballage sobre et \u00e9l\u00e9gant peut lui permettre de se d\u00e9marquer. Un emballage bien reconnaissable est un outil de marketing efficace pour se d\u00e9marquer, se faire remarquer et renforcer l&#8217;identit\u00e9 de sa marque.<\/p>\n<div class=\"su-spacer\" style=\"height:20px\"><\/div>\n<p><img loading=\"lazy\" decoding=\"async\" class=\"aligncenter wp-image-22824\" src=\"https:\/\/www.rajapack.be\/blog-be\/wp-content\/uploads\/2018\/10\/Personalisatie-4-1.jpg\" alt=\"Emballage personnalis\u00e9 modest\" width=\"450\" height=\"450\" srcset=\"https:\/\/www.rajapack.be\/blog-be\/wp-content\/uploads\/2018\/10\/Personalisatie-4-1.jpg 480w, https:\/\/www.rajapack.be\/blog-be\/wp-content\/uploads\/2018\/10\/Personalisatie-4-1-300x300.jpg 300w, https:\/\/www.rajapack.be\/blog-be\/wp-content\/uploads\/2018\/10\/Personalisatie-4-1-150x150.jpg 150w, https:\/\/www.rajapack.be\/blog-be\/wp-content\/uploads\/2018\/10\/Personalisatie-4-1-120x120.jpg 120w\" sizes=\"(max-width: 450px) 100vw, 450px\" \/><\/p>\n<div class=\"su-spacer\" style=\"height:20px\"><\/div>\n<div class=\"su-spacer\" style=\"height:20px\"><\/div>\n<h3><span style=\"color: #1e4fb0;\"><strong><span style=\"color: #d52f13;\">\u25ba <\/span><\/strong><span style=\"color: #276ef1;\"><strong>Couleurs et \u00e9motions<\/strong><\/span><\/span><\/h3>\n<div class=\"su-spacer\" style=\"height:20px\"><\/div>\n<p style=\"text-align: justify;\">Les \u00eatres humains sont des \u00eatres \u00e9motionnels et nos \u00e9motions jouent \u00e9galement un r\u00f4le important dans les d\u00e9cisions d&#8217;achat. L&#8217;emballage peut donc \u00eatre un d\u00e9clencheur subconscient important. Les clients ressentent-ils une \u00e9motion positive gr\u00e2ce \u00e0 votre emballage personnalis\u00e9\u2009? Cela induit alors leur prochain achat. La psychologie des couleurs joue un r\u00f4le important \u00e0 cet \u00e9gard.<\/p>\n<p style=\"text-align: justify;\">Saviez-vous par exemple que nous associons inconsciemment certaines couleurs \u00e0 des \u00e9motions sp\u00e9cifiques\u2009? Par exemple, le rouge repr\u00e9sente la passion et la sociabilit\u00e9, tandis que le bleu inspire le calme et la confiance. Choisissez donc une couleur \u00e0 laquelle les consommateurs peuvent associer votre marque ou vos produits.<\/p>\n<p style=\"text-align: justify;\">Comme le dit le c\u00e9l\u00e8bre dicton, \u201cune image en dit plus qu\u2019un long discours\u201d. L&#8217;image figurant sur votre emballage peut \u00e9galement susciter une certaine humeur chez les clients. Par exemple, une marque qui souhaite transmettre un \u201csentiment de d\u00e9tente\u201d utilise l&#8217;image d&#8217;une personne en train de m\u00e9diter dans un environnement bleu serein.<\/p>\n<div class=\"su-spacer\" style=\"height:20px\"><\/div>\n<p><img loading=\"lazy\" decoding=\"async\" class=\"aligncenter wp-image-22825\" src=\"https:\/\/www.rajapack.be\/blog-be\/wp-content\/uploads\/2018\/10\/Personalisatie-5-1.jpg\" alt=\"Emballages bleus avec impression tranquille\" width=\"450\" height=\"450\" srcset=\"https:\/\/www.rajapack.be\/blog-be\/wp-content\/uploads\/2018\/10\/Personalisatie-5-1.jpg 480w, https:\/\/www.rajapack.be\/blog-be\/wp-content\/uploads\/2018\/10\/Personalisatie-5-1-300x300.jpg 300w, https:\/\/www.rajapack.be\/blog-be\/wp-content\/uploads\/2018\/10\/Personalisatie-5-1-150x150.jpg 150w, https:\/\/www.rajapack.be\/blog-be\/wp-content\/uploads\/2018\/10\/Personalisatie-5-1-120x120.jpg 120w\" sizes=\"(max-width: 450px) 100vw, 450px\" \/><\/p>\n<div class=\"su-spacer\" style=\"height:20px\"><\/div>\n<div class=\"su-spacer\" style=\"height:20px\"><\/div>\n<h3><span style=\"color: #1e4fb0;\"><strong><span style=\"color: #d52f13;\">\u25ba <\/span><\/strong><span style=\"color: #276ef1;\"><strong>Anticipation et emballage de luxe<\/strong><\/span><\/span><\/h3>\n<div class=\"su-spacer\" style=\"height:20px\"><\/div>\n<p style=\"text-align: justify;\">La personnalisation de l&#8217;emballage va au-del\u00e0 de la perception, de la reconnaissabilit\u00e9 ou de la couleur. En effet, l&#8217;anticipation est \u00e9galement un aspect important de l&#8217;emballage personnalis\u00e9. Les marques de luxe, en particulier, capitalisent sur cet aspect pour offrir une exp\u00e9rience positive \u00e0 leurs clients. Par exemple, elles emballent le produit avec un ruban cadeau pour retarder l\u00e9g\u00e8rement le d\u00e9ballage.<\/p>\n<p style=\"text-align: justify;\">L&#8217;exp\u00e9rience de d\u00e9ballage est donc plus lente, mais c&#8217;est ainsi que l&#8217;on obtient une gratification diff\u00e9r\u00e9e. De cette fa\u00e7on, <a href=\"https:\/\/www.rajapack.be\/blog-be\/packagings-cosmetiques\" rel=\"noopener\">l&#8217;emballage de luxe personnalis\u00e9<\/a> procure une \u00e9motion forte lors du d\u00e9ballage, ce qui est tr\u00e8s diff\u00e9rent de la gratification imm\u00e9diate moderne. Comme le matin de No\u00ebl, lorsqu\u2019un enfant est impatient d&#8217;ouvrir ses cadeaux.<\/p>\n<p style=\"text-align: justify;\">Petite nuance\u00a0: l&#8217;anticipation fait des merveilles pour le d\u00e9ballage des produits de luxe, mais il y a des limites. Un emballage inutilement compliqu\u00e9 se retourne contre le client, qui se sent <a href=\"https:\/\/www.rajapack.be\/blog-be\/emballage-sans-frustration\">frustr\u00e9<\/a> d&#8217;ouvrir son paquet personnalis\u00e9. En cons\u00e9quence, vous donnez aux consommateurs une exp\u00e9rience n\u00e9gative et d\u00e9couragez tout achat ult\u00e9rieur. Essayez donc de toujours emballer avec mod\u00e9ration.<\/p>\n<div class=\"su-spacer\" style=\"height:20px\"><\/div>\n<p><img loading=\"lazy\" decoding=\"async\" class=\"aligncenter wp-image-22826\" src=\"https:\/\/www.rajapack.be\/blog-be\/wp-content\/uploads\/2018\/10\/Personalisatie-6-1.jpg\" alt=\"L'enfant attend \u00e0 ouvrir le cadeau\" width=\"450\" height=\"450\" srcset=\"https:\/\/www.rajapack.be\/blog-be\/wp-content\/uploads\/2018\/10\/Personalisatie-6-1.jpg 480w, https:\/\/www.rajapack.be\/blog-be\/wp-content\/uploads\/2018\/10\/Personalisatie-6-1-300x300.jpg 300w, https:\/\/www.rajapack.be\/blog-be\/wp-content\/uploads\/2018\/10\/Personalisatie-6-1-150x150.jpg 150w, https:\/\/www.rajapack.be\/blog-be\/wp-content\/uploads\/2018\/10\/Personalisatie-6-1-120x120.jpg 120w\" sizes=\"(max-width: 450px) 100vw, 450px\" \/><\/p>\n<div class=\"su-spacer\" style=\"height:20px\"><\/div>\n<div class=\"su-divider su-divider-style-dotted\" style=\"margin:15px 0;border-width:3px;border-color:#999999\"><a href=\"#\" style=\"color:#999999\">Au d\u00e9but de l\u2019article<\/a><\/div>\n<div class=\"su-spacer\" style=\"height:20px\"><\/div>\n<div class=\"su-spacer\" style=\"height:20px\"><\/div>\n<h2><span style=\"color: #000000;\"><strong>3. Composez en ligne un emballage personnalis\u00e9<\/strong><\/span><\/h2>\n<div class=\"su-spacer\" style=\"height:20px\"><\/div>\n<p style=\"text-align: justify;\">Vous souhaitez un aper\u00e7u de tous les types d&#8217;<a href=\"https:\/\/www.rajapack.be\/fr_BE\/personnalisation-produits_cms_000069.html\" target=\"_blank\" rel=\"noopener\">emballages personnalis\u00e9s<\/a>\u2009? Bo\u00eetes et caisses, rubans adh\u00e9sifs ou <a href=\"https:\/\/www.rajapack.be\/fr_BE\/guide-achats\/sac-personnalisable_cms_000060.html\" target=\"_blank\" rel=\"noopener\">sacs<\/a>&#8230; presque tout peut \u00eatre personnalis\u00e9 et imprim\u00e9. Il suffit d&#8217;ajouter une touche de couleur pour que votre mat\u00e9riel d&#8217;emballage soit instantan\u00e9ment plus attrayant.<\/p>\n<div class=\"su-spacer\" style=\"height:20px\"><\/div>\n<p style=\"text-align: justify;\"><div class=\"su-button-center\"><a href=\"https:\/\/www.rajapack.be\/fr_BE\/adhesifs-cerclage-collage\/rubans-adhesifs-personnalises_C5030.html\" class=\"su-button su-button-style-ghost su-button-wide\" style=\"color:#000000;background-color:#276ef1;border-color:#2058c1;border-radius:50px\" target=\"_blank\" rel=\"noopener noreferrer\"><span style=\"color:#000000;padding:8px 24px;font-size:18px;line-height:27px;border-color:#689af6;border-radius:50px;text-shadow:none\"><i class=\"sui sui-hand-o-right\" style=\"font-size:18px;color:#000000\"><\/i> \n<strong>Personnalisez vos rubans adh\u00e9sifs sur mesure<\/strong><\/span><\/a><\/div>\n<p style=\"text-align: justify;\"><div class=\"su-spacer\" style=\"height:20px\"><\/div>\n<p><img loading=\"lazy\" decoding=\"async\" class=\"aligncenter wp-image-22827\" src=\"https:\/\/www.rajapack.be\/blog-be\/wp-content\/uploads\/2018\/10\/Personalisatie-7-1.jpg\" alt=\"Ordinateur portable avec \u00e9cran affichant Rajaprint pour cr\u00e9er un emballage personnalis\u00e9\" width=\"700\" height=\"421\" srcset=\"https:\/\/www.rajapack.be\/blog-be\/wp-content\/uploads\/2018\/10\/Personalisatie-7-1.jpg 817w, https:\/\/www.rajapack.be\/blog-be\/wp-content\/uploads\/2018\/10\/Personalisatie-7-1-300x180.jpg 300w, https:\/\/www.rajapack.be\/blog-be\/wp-content\/uploads\/2018\/10\/Personalisatie-7-1-768x462.jpg 768w\" sizes=\"(max-width: 700px) 100vw, 700px\" \/><br \/>\n<div class=\"su-spacer\" style=\"height:20px\"><\/div>\n<div class=\"su-divider su-divider-style-dotted\" style=\"margin:15px 0;border-width:3px;border-color:#999999\"><a href=\"#\" style=\"color:#999999\">Au d\u00e9but de l\u2019article<\/a><\/div>\n<div class=\"su-spacer\" style=\"height:20px\"><\/div>\n<div class=\"su-spacer\" style=\"height:20px\"><\/div>\n<h2><span style=\"color: #000000;\"><strong>4. Inspirez-vous de ces exemples d\u2019emballages personnalis\u00e9s<\/strong><\/span><\/h2>\n<div class=\"su-spacer\" style=\"height:20px\"><\/div>\n<p style=\"text-align: justify;\">Vous ne savez pas comment vous lancer dans la personnalisation ? \u00cates-vous simplement \u00e0 la recherche de quelque chose d&#8217;innovant\u2009? Laissez-vous inspirer par les marques qui ont franchi une nouvelle \u00e9tape dans la personnalisation de leurs emballages.<\/p>\n<div class=\"su-spacer\" style=\"height:20px\"><\/div>\n<div class=\"su-spacer\" style=\"height:20px\"><\/div>\n<h3><span style=\"color: #1e4fb0;\"><strong><span style=\"color: #d52f13;\">\u25ba <\/span><\/strong><span style=\"color: #276ef1;\"><strong>Des caisses avec un peu de plus<\/strong><\/span><\/span><\/h3>\n<div class=\"su-spacer\" style=\"height:20px\"><\/div>\n<p style=\"text-align: justify;\">Tout le monde conna\u00eet les paquets color\u00e9s de Zalando, Bol.com ou Coolblue. Ils se distinguent imm\u00e9diatement par leurs caract\u00e9ristiques. D&#8217;autres grandes entreprises de vente au d\u00e9tail suivent cette tendance depuis des ann\u00e9es. Leur notori\u00e9t\u00e9 est en partie due \u00e0 leurs emballages frappants, grav\u00e9s dans la m\u00e9moire des consommateurs.<\/p>\n<div class=\"su-spacer\" style=\"height:20px\"><\/div>\n<div class=\"su-spacer\" style=\"height:20px\"><\/div>\n<h3><span style=\"color: #1e4fb0;\"><strong><span style=\"color: #d52f13;\">\u25ba <\/span><\/strong><span style=\"color: #276ef1;\"><strong>L&#8217;emballage comme miroir de votre personnalit\u00e9 <\/strong><\/span><\/span><\/h3>\n<div class=\"su-spacer\" style=\"height:20px\"><\/div>\n<p style=\"text-align: justify;\">Le client ach\u00e8te plus rapidement un produit auquel <strong>il se<\/strong> <strong>sent li\u00e9<\/strong>. Il est donc bon de savoir quel est le public cible de votre entreprise ou de votre produit. Ensuite, adaptez votre emballage en fonction de l&#8217;\u00e2ge, du sexe ou de la personnalit\u00e9. L&#8217;<strong>emballage sexosp\u00e9cifique <\/strong>en est un exemple clair. On peut appliquer une certaine palette de couleurs ainsi que des images et des formes sp\u00e9cifiquement genr\u00e9es. Les recherches montrent que pr\u00e8s de 37 % des femmes sont plus susceptibles de s&#8217;identifier \u00e0 des produits emball\u00e9s selon le sexe de son destinataire.<\/p>\n<div class=\"su-spacer\" style=\"height:20px\"><\/div>\n<p><img loading=\"lazy\" decoding=\"async\" class=\"aligncenter wp-image-4282 size-full\" src=\"https:\/\/www.rajapack.be\/blog-be\/wp-content\/uploads\/2018\/10\/Gender-verpakkingen.jpg\" alt=\"Genderspecifieke verpakkingen\" width=\"480\" height=\"288\" srcset=\"https:\/\/www.rajapack.be\/blog-be\/wp-content\/uploads\/2018\/10\/Gender-verpakkingen.jpg 480w, https:\/\/www.rajapack.be\/blog-be\/wp-content\/uploads\/2018\/10\/Gender-verpakkingen-300x180.jpg 300w, https:\/\/www.rajapack.be\/blog-be\/wp-content\/uploads\/2018\/10\/Gender-verpakkingen-375x225.jpg 375w\" sizes=\"(max-width: 480px) 100vw, 480px\" \/><\/p>\n<div class=\"su-spacer\" style=\"height:20px\"><\/div>\n<div class=\"su-spacer\" style=\"height:20px\"><\/div>\n<h3><span style=\"color: #1e4fb0;\"><strong><span style=\"color: #d52f13;\">\u25ba <\/span><\/strong><span style=\"color: #276ef1;\"><strong>Transformez votre emballage en objet de collection<\/strong><\/span><\/span><\/h3>\n<div class=\"su-spacer\" style=\"height:20px\"><\/div>\n<p style=\"text-align: justify;\">De nombreuses grandes marques ont d\u00e9j\u00e0 franchi cette \u00e9tape et proposent \u00e0 leurs clients des emballages personnalis\u00e9s. Cela peut se faire de mani\u00e8re cibl\u00e9e ou non. Vous vous souvenez sans doute de l&#8217;action r\u00e9ussie de Coca-Cola il y a quelques ann\u00e9es\u00a0: tout le monde cherchait une bouteille avec son nom dessus. Cette campagne est un exemple clair d&#8217;une action <strong>non cibl\u00e9e<\/strong>. Les ventes de bouteilles ont m\u00eame augment\u00e9 de 2 % apr\u00e8s des ann\u00e9es de baisse des ventes.<sup>4<\/sup><\/p>\n<div class=\"su-spacer\" style=\"height:20px\"><\/div>\n<p><img loading=\"lazy\" decoding=\"async\" class=\"wp-image-4270 size-full aligncenter\" src=\"https:\/\/www.rajapack.be\/blog-be\/wp-content\/uploads\/2018\/10\/Cola-flesje-gepersonaliseerd.jpg\" alt=\"Maak van je verpakking een collectors item\" width=\"600\" height=\"311\" srcset=\"https:\/\/www.rajapack.be\/blog-be\/wp-content\/uploads\/2018\/10\/Cola-flesje-gepersonaliseerd.jpg 600w, https:\/\/www.rajapack.be\/blog-be\/wp-content\/uploads\/2018\/10\/Cola-flesje-gepersonaliseerd-300x156.jpg 300w\" sizes=\"(max-width: 600px) 100vw, 600px\" \/><\/p>\n<div class=\"su-spacer\" style=\"height:20px\"><\/div>\n<p style=\"text-align: justify;\">L&#8217;action de Nutella semble probablement famili\u00e8re aussi. Le client pouvait alors coller son nom sur un pot de chocolat ou en concevoir une toute nouvelle version en ligne. Il s&#8217;agissait d&#8217;un exemple d\u2019<strong>action cibl\u00e9e<\/strong>. Chaque pot de Nutella \u00e9tait une pi\u00e8ce originale. Ces exemples montrent la fa\u00e7on cr\u00e9ative avec laquelle vous pouvez ajouter une touche personnelle \u00e0 votre emballage. Vos emballages deviennent de v\u00e9ritables objets de collection\u2009!<\/p>\n<div class=\"su-spacer\" style=\"height:20px\"><\/div>\n<div class=\"su-divider su-divider-style-dotted\" style=\"margin:15px 0;border-width:3px;border-color:#999999\"><a href=\"#\" style=\"color:#999999\">Au d\u00e9but de l\u2019article<\/a><\/div>\n<div class=\"su-spacer\" style=\"height:20px\"><\/div>\n<div class=\"su-spacer\" style=\"height:20px\"><\/div>\n<p>Bronnen:<br \/>\n<sup>1\u00a0 <\/sup><em>https:\/\/www.invespcro.com\/blog\/customer-acquisition-retention\/<br \/>\n<\/em><sup>2\u00a0<\/sup><em>https:\/\/www.pregis.com\/globalassets\/white-papers-and-case-studies\/2019&#8212;updated\/white-paper-parcel-packaging-impacts-perception-2019.pdf<br \/>\n<\/em><sup>3 <\/sup><em>www.packagingnews.co.uk\/news\/gender-divide-on-personalised-packaging-says-research-28-04-2014<br \/>\n<\/em><sup>4 <\/sup><em>www.wsj.com\/articles\/share-a-coke-credited-with-a-pop-in-sales-1411661519<br \/>\n<\/em><\/p>\n<p>Cet article de blog contient quelques images g\u00e9n\u00e9r\u00e9es par l&#8217;IA.<\/p>\n","protected":false},"excerpt":{"rendered":"<p>L&#8217;emballage est le premier point de contact physique entre les entreprises et les consommateurs. C&#8217;est pr\u00e9cis\u00e9ment pour cette raison qu&#8217;ils font bien plus que prot\u00e9ger les produits. Ils constituent \u00e9galement [&#8230;]<\/p>\n","protected":false},"author":64,"featured_media":22850,"comment_status":"open","ping_status":"closed","sticky":false,"template":"","format":"standard","meta":{"_acf_changed":false,"footnotes":""},"categories":[710],"tags":[868,872,850,854,834],"class_list":["post-4277","post","type-post","status-publish","format-standard","has-post-thumbnail","hentry","category-raja-nouvelles-astuces","tag-decoration","tag-emballage-imprime","tag-emballages-cadeaux","tag-emballages-vente-emporter","tag-personnalisation"],"acf":[],"yoast_head":"<!-- This site is optimized with the Yoast SEO plugin v23.0 - https:\/\/yoast.com\/wordpress\/plugins\/seo\/ -->\n<title>L&#039;emballage personnalis\u00e9 et ses avantages | RAJAPACK Blog<\/title>\n<meta name=\"description\" content=\"D\u00e9couvrez comment vous pouvez aussi b\u00e9n\u00e9ficier d&#039;un emballage personnalis\u00e9. Stimuler le comportement d&#039;achat et laissez-vous inspirer !\" \/>\n<meta name=\"robots\" content=\"index, follow, max-snippet:-1, max-image-preview:large, max-video-preview:-1\" \/>\n<link rel=\"canonical\" href=\"https:\/\/www.rajapack.be\/blog-be\/emballage-personnalise\" \/>\n<meta property=\"og:locale\" content=\"nl_BE\" \/>\n<meta property=\"og:type\" content=\"article\" \/>\n<meta property=\"og:title\" content=\"L&#039;emballage personnalis\u00e9 et ses avantages | RAJAPACK Blog\" \/>\n<meta property=\"og:description\" content=\"D\u00e9couvrez comment vous pouvez aussi b\u00e9n\u00e9ficier d&#039;un emballage personnalis\u00e9. Stimuler le comportement d&#039;achat et laissez-vous inspirer !\" \/>\n<meta property=\"og:url\" content=\"https:\/\/www.rajapack.be\/blog-be\/emballage-personnalise\" \/>\n<meta property=\"og:site_name\" content=\"RAJA Blog\" \/>\n<meta property=\"article:publisher\" content=\"https:\/\/www.facebook.com\/rajapackbenelux\" \/>\n<meta property=\"article:published_time\" content=\"2024-03-27T08:00:21+00:00\" \/>\n<meta property=\"article:modified_time\" content=\"2026-02-26T12:40:03+00:00\" \/>\n<meta property=\"og:image\" content=\"https:\/\/www.rajapack.be\/blog-be\/wp-content\/uploads\/2018\/10\/Voordelen-gepersonaliseerde-verpakkingen.jpg\" \/>\n\t<meta property=\"og:image:width\" content=\"862\" \/>\n\t<meta property=\"og:image:height\" content=\"517\" \/>\n\t<meta property=\"og:image:type\" content=\"image\/jpeg\" \/>\n<meta name=\"author\" content=\"Arne\" \/>\n<meta name=\"twitter:card\" content=\"summary_large_image\" \/>\n<meta name=\"twitter:creator\" content=\"@RajaBelgium\" \/>\n<meta name=\"twitter:site\" content=\"@RajaBelgium\" \/>\n<meta name=\"twitter:label1\" content=\"Geschreven door\" \/>\n\t<meta name=\"twitter:data1\" content=\"Arne\" \/>\n\t<meta name=\"twitter:label2\" content=\"Geschatte leestijd\" \/>\n\t<meta name=\"twitter:data2\" content=\"10 minuten\" \/>\n<script type=\"application\/ld+json\" class=\"yoast-schema-graph\">{\n\t    \"@context\": \"https:\/\/schema.org\",\n\t    \"@graph\": [\n\t        {\n\t            \"@type\": \"Article\",\n\t            \"@id\": \"https:\/\/www.rajapack.be\/blog-be\/emballage-personnalise#article\",\n\t            \"isPartOf\": {\n\t                \"@id\": \"https:\/\/www.rajapack.be\/blog-be\/emballage-personnalise\"\n\t            },\n\t            \"author\": {\n\t                \"name\": \"Arne\",\n\t                \"@id\": \"https:\/\/www.rajapack.be\/blog-be\/#\/schema\/person\/57b1d9f661118e1cc24542e70bfbe2b3\"\n\t            },\n\t            \"headline\": \"D\u00e9couvrez les avantages de l\u2019emballage personnalis\u00e9\",\n\t            \"datePublished\": \"2024-03-27T08:00:21+00:00\",\n\t            \"dateModified\": \"2026-02-26T12:40:03+00:00\",\n\t            \"mainEntityOfPage\": {\n\t                \"@id\": \"https:\/\/www.rajapack.be\/blog-be\/emballage-personnalise\"\n\t            },\n\t            \"wordCount\": 1836,\n\t            \"commentCount\": 0,\n\t            \"publisher\": {\n\t                \"@id\": \"https:\/\/www.rajapack.be\/blog-be\/#organization\"\n\t            },\n\t            \"image\": {\n\t                \"@id\": \"https:\/\/www.rajapack.be\/blog-be\/emballage-personnalise#primaryimage\"\n\t            },\n\t            \"thumbnailUrl\": \"https:\/\/www.rajapack.be\/blog-be\/wp-content\/uploads\/2018\/10\/Voordelen-gepersonaliseerde-verpakkingen.jpg\",\n\t            \"keywords\": [\n\t                \"D\u00e9coration\",\n\t                \"Emballage imprim\u00e9\",\n\t                \"Emballages cadeaux\",\n\t                \"Emballages pour vente \u00e0 emporter\",\n\t                \"Personnalisation\"\n\t            ],\n\t            \"articleSection\": [\n\t                \"RAJAPACK Nouvelles et astuces\"\n\t            ],\n\t            \"inLanguage\": \"nl-BE\",\n\t            \"potentialAction\": [\n\t                {\n\t                    \"@type\": \"CommentAction\",\n\t                    \"name\": \"Comment\",\n\t                    \"target\": [\n\t                        \"https:\/\/www.rajapack.be\/blog-be\/emballage-personnalise#respond\"\n\t                    ]\n\t                }\n\t            ]\n\t        },\n\t        {\n\t            \"@type\": \"WebPage\",\n\t            \"@id\": \"https:\/\/www.rajapack.be\/blog-be\/emballage-personnalise\",\n\t            \"url\": \"https:\/\/www.rajapack.be\/blog-be\/emballage-personnalise\",\n\t            \"name\": \"L'emballage personnalis\u00e9 et ses avantages | RAJAPACK Blog\",\n\t            \"isPartOf\": {\n\t                \"@id\": \"https:\/\/www.rajapack.be\/blog-be\/#website\"\n\t            },\n\t            \"primaryImageOfPage\": {\n\t                \"@id\": \"https:\/\/www.rajapack.be\/blog-be\/emballage-personnalise#primaryimage\"\n\t            },\n\t            \"image\": {\n\t                \"@id\": \"https:\/\/www.rajapack.be\/blog-be\/emballage-personnalise#primaryimage\"\n\t            },\n\t            \"thumbnailUrl\": \"https:\/\/www.rajapack.be\/blog-be\/wp-content\/uploads\/2018\/10\/Voordelen-gepersonaliseerde-verpakkingen.jpg\",\n\t            \"datePublished\": \"2024-03-27T08:00:21+00:00\",\n\t            \"dateModified\": \"2026-02-26T12:40:03+00:00\",\n\t            \"description\": \"D\u00e9couvrez comment vous pouvez aussi b\u00e9n\u00e9ficier d'un emballage personnalis\u00e9. Stimuler le comportement d'achat et laissez-vous inspirer !\",\n\t            \"inLanguage\": \"nl-BE\",\n\t            \"potentialAction\": [\n\t                {\n\t                    \"@type\": \"ReadAction\",\n\t                    \"target\": [\n\t                        \"https:\/\/www.rajapack.be\/blog-be\/emballage-personnalise\"\n\t                    ]\n\t                }\n\t            ]\n\t        },\n\t        {\n\t            \"@type\": \"ImageObject\",\n\t            \"inLanguage\": \"nl-BE\",\n\t            \"@id\": \"https:\/\/www.rajapack.be\/blog-be\/emballage-personnalise#primaryimage\",\n\t            \"url\": \"https:\/\/www.rajapack.be\/blog-be\/wp-content\/uploads\/2018\/10\/Voordelen-gepersonaliseerde-verpakkingen.jpg\",\n\t            \"contentUrl\": \"https:\/\/www.rajapack.be\/blog-be\/wp-content\/uploads\/2018\/10\/Voordelen-gepersonaliseerde-verpakkingen.jpg\",\n\t            \"width\": 862,\n\t            \"height\": 517,\n\t            \"caption\": \"S\u00e9lection de sacs kraft personnalis\u00e9s\"\n\t        },\n\t        {\n\t            \"@type\": \"WebSite\",\n\t            \"@id\": \"https:\/\/www.rajapack.be\/blog-be\/#website\",\n\t            \"url\": \"https:\/\/www.rajapack.be\/blog-be\/\",\n\t            \"name\": \"RAJA Blog\",\n\t            \"description\": \"Alles over verpakkingen, logistiek en meer\",\n\t            \"publisher\": {\n\t                \"@id\": \"https:\/\/www.rajapack.be\/blog-be\/#organization\"\n\t            },\n\t            \"potentialAction\": [\n\t                {\n\t                    \"@type\": \"SearchAction\",\n\t                    \"target\": {\n\t                        \"@type\": \"EntryPoint\",\n\t                        \"urlTemplate\": \"https:\/\/www.rajapack.be\/blog-be\/?s={search_term_string}\"\n\t                    },\n\t                    \"query-input\": \"required name=search_term_string\"\n\t                }\n\t            ],\n\t            \"inLanguage\": \"nl-BE\"\n\t        },\n\t        {\n\t            \"@type\": \"Organization\",\n\t            \"@id\": \"https:\/\/www.rajapack.be\/blog-be\/#organization\",\n\t            \"name\": \"RAJA Benelux\",\n\t            \"url\": \"https:\/\/www.rajapack.be\/blog-be\/\",\n\t            \"logo\": {\n\t                \"@type\": \"ImageObject\",\n\t                \"inLanguage\": \"nl-BE\",\n\t                \"@id\": \"https:\/\/www.rajapack.be\/blog-be\/#\/schema\/logo\/image\/\",\n\t                \"url\": \"https:\/\/www.rajapack.be\/blog-be\/wp-content\/uploads\/2022\/09\/RAJA-logo-social.png\",\n\t                \"contentUrl\": \"https:\/\/www.rajapack.be\/blog-be\/wp-content\/uploads\/2022\/09\/RAJA-logo-social.png\",\n\t                \"width\": 497,\n\t                \"height\": 491,\n\t                \"caption\": \"RAJA Benelux\"\n\t            },\n\t            \"image\": {\n\t                \"@id\": \"https:\/\/www.rajapack.be\/blog-be\/#\/schema\/logo\/image\/\"\n\t            },\n\t            \"sameAs\": [\n\t                \"https:\/\/www.facebook.com\/rajapackbenelux\",\n\t                \"https:\/\/x.com\/RajaBelgium\"\n\t            ]\n\t        },\n\t        {\n\t            \"@type\": \"Person\",\n\t            \"@id\": \"https:\/\/www.rajapack.be\/blog-be\/#\/schema\/person\/57b1d9f661118e1cc24542e70bfbe2b3\",\n\t            \"name\": \"Arne\",\n\t            \"image\": {\n\t                \"@type\": \"ImageObject\",\n\t                \"inLanguage\": \"nl-BE\",\n\t                \"@id\": \"https:\/\/www.rajapack.be\/blog-be\/#\/schema\/person\/image\/\",\n\t                \"url\": \"https:\/\/secure.gravatar.com\/avatar\/f2bcd48cb1fcf446fc71a87f4162d3ed?s=96&r=g\",\n\t                \"contentUrl\": \"https:\/\/secure.gravatar.com\/avatar\/f2bcd48cb1fcf446fc71a87f4162d3ed?s=96&r=g\",\n\t                \"caption\": \"Arne\"\n\t            },\n\t            \"description\": \"Met een scherp oog voor SEO en een vlotte pen, brengt Arne het verhaal van RAJAPACK's assortiment en vertelt hij over de laatste trends in verpakkingen, logistiek en zoveel meer.\",\n\t            \"url\": \"https:\/\/www.rajapack.be\/blog-be\/author\/arne-leen\"\n\t        }\n\t    ]\n\t}<\/script>\n<!-- \/ Yoast SEO plugin. -->","yoast_head_json":{"title":"L'emballage personnalis\u00e9 et ses avantages | RAJAPACK Blog","description":"D\u00e9couvrez comment vous pouvez aussi b\u00e9n\u00e9ficier d'un emballage personnalis\u00e9. Stimuler le comportement d'achat et laissez-vous inspirer !","robots":{"index":"index","follow":"follow","max-snippet":"max-snippet:-1","max-image-preview":"max-image-preview:large","max-video-preview":"max-video-preview:-1"},"canonical":"https:\/\/www.rajapack.be\/blog-be\/emballage-personnalise","og_locale":"nl_BE","og_type":"article","og_title":"L'emballage personnalis\u00e9 et ses avantages | RAJAPACK Blog","og_description":"D\u00e9couvrez comment vous pouvez aussi b\u00e9n\u00e9ficier d'un emballage personnalis\u00e9. Stimuler le comportement d'achat et laissez-vous inspirer !","og_url":"https:\/\/www.rajapack.be\/blog-be\/emballage-personnalise","og_site_name":"RAJA Blog","article_publisher":"https:\/\/www.facebook.com\/rajapackbenelux","article_published_time":"2024-03-27T08:00:21+00:00","article_modified_time":"2026-02-26T12:40:03+00:00","og_image":[{"width":862,"height":517,"url":"https:\/\/www.rajapack.be\/blog-be\/wp-content\/uploads\/2018\/10\/Voordelen-gepersonaliseerde-verpakkingen.jpg","type":"image\/jpeg"}],"author":"Arne","twitter_card":"summary_large_image","twitter_creator":"@RajaBelgium","twitter_site":"@RajaBelgium","twitter_misc":{"Geschreven door":"Arne","Geschatte leestijd":"10 minuten"},"schema":{"@context":"https:\/\/schema.org","@graph":[{"@type":"Article","@id":"https:\/\/www.rajapack.be\/blog-be\/emballage-personnalise#article","isPartOf":{"@id":"https:\/\/www.rajapack.be\/blog-be\/emballage-personnalise"},"author":{"name":"Arne","@id":"https:\/\/www.rajapack.be\/blog-be\/#\/schema\/person\/57b1d9f661118e1cc24542e70bfbe2b3"},"headline":"D\u00e9couvrez les avantages de l\u2019emballage personnalis\u00e9","datePublished":"2024-03-27T08:00:21+00:00","dateModified":"2026-02-26T12:40:03+00:00","mainEntityOfPage":{"@id":"https:\/\/www.rajapack.be\/blog-be\/emballage-personnalise"},"wordCount":1836,"commentCount":0,"publisher":{"@id":"https:\/\/www.rajapack.be\/blog-be\/#organization"},"image":{"@id":"https:\/\/www.rajapack.be\/blog-be\/emballage-personnalise#primaryimage"},"thumbnailUrl":"https:\/\/www.rajapack.be\/blog-be\/wp-content\/uploads\/2018\/10\/Voordelen-gepersonaliseerde-verpakkingen.jpg","keywords":["D\u00e9coration","Emballage imprim\u00e9","Emballages cadeaux","Emballages pour vente \u00e0 emporter","Personnalisation"],"articleSection":["RAJAPACK Nouvelles et astuces"],"inLanguage":"nl-BE","potentialAction":[{"@type":"CommentAction","name":"Comment","target":["https:\/\/www.rajapack.be\/blog-be\/emballage-personnalise#respond"]}]},{"@type":"WebPage","@id":"https:\/\/www.rajapack.be\/blog-be\/emballage-personnalise","url":"https:\/\/www.rajapack.be\/blog-be\/emballage-personnalise","name":"L'emballage personnalis\u00e9 et ses avantages | RAJAPACK Blog","isPartOf":{"@id":"https:\/\/www.rajapack.be\/blog-be\/#website"},"primaryImageOfPage":{"@id":"https:\/\/www.rajapack.be\/blog-be\/emballage-personnalise#primaryimage"},"image":{"@id":"https:\/\/www.rajapack.be\/blog-be\/emballage-personnalise#primaryimage"},"thumbnailUrl":"https:\/\/www.rajapack.be\/blog-be\/wp-content\/uploads\/2018\/10\/Voordelen-gepersonaliseerde-verpakkingen.jpg","datePublished":"2024-03-27T08:00:21+00:00","dateModified":"2026-02-26T12:40:03+00:00","description":"D\u00e9couvrez comment vous pouvez aussi b\u00e9n\u00e9ficier d'un emballage personnalis\u00e9. Stimuler le comportement d'achat et laissez-vous inspirer !","inLanguage":"nl-BE","potentialAction":[{"@type":"ReadAction","target":["https:\/\/www.rajapack.be\/blog-be\/emballage-personnalise"]}]},{"@type":"ImageObject","inLanguage":"nl-BE","@id":"https:\/\/www.rajapack.be\/blog-be\/emballage-personnalise#primaryimage","url":"https:\/\/www.rajapack.be\/blog-be\/wp-content\/uploads\/2018\/10\/Voordelen-gepersonaliseerde-verpakkingen.jpg","contentUrl":"https:\/\/www.rajapack.be\/blog-be\/wp-content\/uploads\/2018\/10\/Voordelen-gepersonaliseerde-verpakkingen.jpg","width":862,"height":517,"caption":"S\u00e9lection de sacs kraft personnalis\u00e9s"},{"@type":"WebSite","@id":"https:\/\/www.rajapack.be\/blog-be\/#website","url":"https:\/\/www.rajapack.be\/blog-be\/","name":"RAJA Blog","description":"Alles over verpakkingen, logistiek en meer","publisher":{"@id":"https:\/\/www.rajapack.be\/blog-be\/#organization"},"potentialAction":[{"@type":"SearchAction","target":{"@type":"EntryPoint","urlTemplate":"https:\/\/www.rajapack.be\/blog-be\/?s={search_term_string}"},"query-input":"required name=search_term_string"}],"inLanguage":"nl-BE"},{"@type":"Organization","@id":"https:\/\/www.rajapack.be\/blog-be\/#organization","name":"RAJA Benelux","url":"https:\/\/www.rajapack.be\/blog-be\/","logo":{"@type":"ImageObject","inLanguage":"nl-BE","@id":"https:\/\/www.rajapack.be\/blog-be\/#\/schema\/logo\/image\/","url":"https:\/\/www.rajapack.be\/blog-be\/wp-content\/uploads\/2022\/09\/RAJA-logo-social.png","contentUrl":"https:\/\/www.rajapack.be\/blog-be\/wp-content\/uploads\/2022\/09\/RAJA-logo-social.png","width":497,"height":491,"caption":"RAJA Benelux"},"image":{"@id":"https:\/\/www.rajapack.be\/blog-be\/#\/schema\/logo\/image\/"},"sameAs":["https:\/\/www.facebook.com\/rajapackbenelux","https:\/\/x.com\/RajaBelgium"]},{"@type":"Person","@id":"https:\/\/www.rajapack.be\/blog-be\/#\/schema\/person\/57b1d9f661118e1cc24542e70bfbe2b3","name":"Arne","image":{"@type":"ImageObject","inLanguage":"nl-BE","@id":"https:\/\/www.rajapack.be\/blog-be\/#\/schema\/person\/image\/","url":"https:\/\/secure.gravatar.com\/avatar\/f2bcd48cb1fcf446fc71a87f4162d3ed?s=96&r=g","contentUrl":"https:\/\/secure.gravatar.com\/avatar\/f2bcd48cb1fcf446fc71a87f4162d3ed?s=96&r=g","caption":"Arne"},"description":"Met een scherp oog voor SEO en een vlotte pen, brengt Arne het verhaal van RAJAPACK's assortiment en vertelt hij over de laatste trends in verpakkingen, logistiek en zoveel meer.","url":"https:\/\/www.rajapack.be\/blog-be\/author\/arne-leen"}]}},"_links":{"self":[{"href":"https:\/\/www.rajapack.be\/blog-be\/wp-json\/wp\/v2\/posts\/4277"}],"collection":[{"href":"https:\/\/www.rajapack.be\/blog-be\/wp-json\/wp\/v2\/posts"}],"about":[{"href":"https:\/\/www.rajapack.be\/blog-be\/wp-json\/wp\/v2\/types\/post"}],"author":[{"embeddable":true,"href":"https:\/\/www.rajapack.be\/blog-be\/wp-json\/wp\/v2\/users\/64"}],"replies":[{"embeddable":true,"href":"https:\/\/www.rajapack.be\/blog-be\/wp-json\/wp\/v2\/comments?post=4277"}],"version-history":[{"count":21,"href":"https:\/\/www.rajapack.be\/blog-be\/wp-json\/wp\/v2\/posts\/4277\/revisions"}],"predecessor-version":[{"id":25362,"href":"https:\/\/www.rajapack.be\/blog-be\/wp-json\/wp\/v2\/posts\/4277\/revisions\/25362"}],"wp:featuredmedia":[{"embeddable":true,"href":"https:\/\/www.rajapack.be\/blog-be\/wp-json\/wp\/v2\/media\/22850"}],"wp:attachment":[{"href":"https:\/\/www.rajapack.be\/blog-be\/wp-json\/wp\/v2\/media?parent=4277"}],"wp:term":[{"taxonomy":"category","embeddable":true,"href":"https:\/\/www.rajapack.be\/blog-be\/wp-json\/wp\/v2\/categories?post=4277"},{"taxonomy":"post_tag","embeddable":true,"href":"https:\/\/www.rajapack.be\/blog-be\/wp-json\/wp\/v2\/tags?post=4277"}],"curies":[{"name":"wp","href":"https:\/\/api.w.org\/{rel}","templated":true}]}}