{"id":4360,"date":"2020-01-02T15:00:32","date_gmt":"2020-01-02T14:00:32","guid":{"rendered":"https:\/\/www.rajapack.be\/blog-be\/?p=4360"},"modified":"2026-02-26T15:05:25","modified_gmt":"2026-02-26T14:05:25","slug":"alternatives-sacs-plastique","status":"publish","type":"post","link":"https:\/\/www.rajapack.be\/blog-be\/alternatives-sacs-plastique","title":{"rendered":"Interdiction des sacs plastique : quelles sont les alternatives ?"},"content":{"rendered":"<div class=\"su-spacer\" style=\"height:20px\"><\/div>\n<p style=\"text-align: justify;\">Les \u00e9tats membres de l&#8217;Union Europ\u00e9enne s\u2019engagent depuis des ann\u00e9es d\u00e9j\u00e0 \u00e0 r\u00e9duire l&#8217;utilisation des sacs plastique l\u00e9gers. La <strong>directive europ\u00e9enne 2015\/720<\/strong> stipule que les sacs en plastique doivent avoir une \u00e9paisseur d&#8217;au moins 50 microns (= 0,05 mm). Les sacs l\u00e9gers que vous receviez au supermarch\u00e9, par exemple, dispara\u00eetront donc petit \u00e0 petit. Fort heureusement, le commer\u00e7ant que vous \u00eates a un large choix d&#8217;alternatives.<\/p>\n<div class=\"su-spacer\" style=\"height:20px\"><\/div>\n<div class=\"su-spacer\" style=\"height:20px\"><\/div>\n<div class=\"su-box su-box-style-glass\" id=\"\" style=\"border-color:#003bbe;border-radius:20px\"><div class=\"su-box-title\" style=\"background-color:#276ef1;color:#FFFFFF;border-top-left-radius:18px;border-top-right-radius:18px\">Bon \u00e0 savoir<\/div><div class=\"su-box-content su-u-clearfix su-u-trim\" style=\"border-bottom-left-radius:18px;border-bottom-right-radius:18px\">En <strong>Wallonie<\/strong>, il est \u00e0 pr\u00e9sent interdit de distribuer des sacs plastique de <strong>moins de 60 microns<\/strong> \u00e0 vos clients (<em>voir d\u00e9cret wallon du 6 juillet 2017 sur les sacs plastique<\/em>). Optez plut\u00f4t pour un <strong>sac plastique plus solide<\/strong> (&gt; 60 microns) ou un sac en polypropyl\u00e8ne, en polyester, en coton, en toile de jute ou en papier.<\/div><\/div>\n<div class=\"su-spacer\" style=\"height:20px\"><\/div>\n<div class=\"su-spacer\" style=\"height:20px\"><\/div>\n<div class=\"su-spacer\" style=\"height:20px\"><\/div>\n<h2><span style=\"color: #000000;\"><strong>Le top 4 des alternatives pour les sacs plastique ind\u00e9sirables<\/strong><\/span><\/h2>\n<div class=\"su-spacer\" style=\"height:20px\"><\/div>\n<div class=\"su-spacer\" style=\"height:20px\"><\/div>\n<h3><span style=\"color: #1e4fb0;\"><strong><span style=\"color: #d52f13;\">\u25ba<\/span><\/strong><span style=\"color: #276ef1;\"><strong> 1.<\/strong> <\/span><\/span><span style=\"color: #276ef1;\"><strong><strong>Sac en papier kraft<\/strong><\/strong><\/span><\/h3>\n<div class=\"su-spacer\" style=\"height:20px\"><\/div>\n<p style=\"text-align: justify;\"><a href=\"https:\/\/www.rajapack.be\/fr_BE\/emballages-boutiques\/sac-en-papier-kraft_C851012.html\" target=\"_blank\" rel=\"noopener noreferrer\">Les sacs en papier kraft<\/a> sont une alternative \u00e9vidente aux sacs en plastique. Le papier kraft est une mati\u00e8re tr\u00e8s r\u00e9sistante. Un petit sac peut contenir jusqu&#8217;\u00e0 12 kilos et un sac de taille moyenne peut facilement transporter jusqu&#8217;\u00e0 14 kilos. Quels sont les avantages sp\u00e9cifiques de ces sacs ?<\/p>\n<ul>\n<li>Ils sont <strong>compostables<\/strong> et se d\u00e9sagr\u00e8gent en quelques mois seulement.<\/li>\n<li>Le processus de <strong>recyclage<\/strong> est tr\u00e8s simple. Le papier kraft peut \u00eatre recycl\u00e9 jusqu&#8217;\u00e0 six fois en moyenne.<\/li>\n<li>Le consommateur peut facilement <strong>r\u00e9utiliser<\/strong> le sac plusieurs dizaines de fois.<\/li>\n<\/ul>\n<div class=\"su-spacer\" style=\"height:20px\"><\/div><a href=\"https:\/\/www.rajapack.be\/fr_BE\/emballages-boutiques\/sac-en-papier-kraft_C851012.html\"><img loading=\"lazy\" decoding=\"async\" class=\"aligncenter wp-image-4363\" src=\"https:\/\/www.rajapack.be\/blog-be\/wp-content\/uploads\/2018\/10\/Kraftpapieren-tas-1.jpg\" alt=\"Sac en papier kraft\" width=\"350\" height=\"402\" srcset=\"https:\/\/www.rajapack.be\/blog-be\/wp-content\/uploads\/2018\/10\/Kraftpapieren-tas-1.jpg 523w, https:\/\/www.rajapack.be\/blog-be\/wp-content\/uploads\/2018\/10\/Kraftpapieren-tas-1-261x300.jpg 261w\" sizes=\"(max-width: 350px) 100vw, 350px\" \/><\/a><\/p>\n<div class=\"su-spacer\" style=\"height:20px\"><\/div>\n<div class=\"su-spacer\" style=\"height:20px\"><\/div>\n<h3><span style=\"color: #1e4fb0;\"><strong><span style=\"color: #d52f13;\">\u25ba<\/span><\/strong> <span style=\"color: #276ef1;\"><strong>2.<\/strong> <\/span><\/span><span style=\"color: #276ef1;\"><strong><strong>Sac en plastique \u2265 50 micron<\/strong><\/strong><\/span><\/h3>\n<div class=\"su-spacer\" style=\"height:20px\"><\/div>\n<p style=\"text-align: justify;\">Pour info : l\u2019interdiction ne vaut pas pour tous les sacs plastique. Les variantes plus solides de <a href=\"https:\/\/www.rajapack.be\/fr_BE\/emballages-boutiques\/sacs-plastiques_C8516.html\" target=\"_blank\" rel=\"noopener noreferrer\">plus de 50 microns<\/a> sont, elles, toujours autoris\u00e9es. Le <em>micronage<\/em> indique l&#8217;\u00e9paisseur du plastique. Plus cette valeur est \u00e9lev\u00e9e, plus le plastique sera \u00e9pais et donc r\u00e9sistant. Il est alors facile de les utiliser plus longtemps. Cette &#8220;<strong>r\u00e9utilisation<\/strong>&#8221; n&#8217;est que une des pierres angulaires de l&#8217;\u00e9conomie circulaire que l&#8217;UE est en train de mettre en place.<\/p>\n<div class=\"su-spacer\" style=\"height:20px\"><\/div><a href=\"https:\/\/www.rajapack.be\/fr_BE\/sacs-emballages-cadeaux\/sacs-plastiques-sachets-magasin\/sac-plastique-bretelles-recycle_OFF_BE_01809.html\" target=\"_blank\" rel=\"noopener\"><img loading=\"lazy\" decoding=\"async\" src=\"https:\/\/www.rajapack.be\/blog-be\/wp-content\/uploads\/2020\/01\/plastic-draagtas-gerecycled-1-430x430.webp\" alt=\"Sac plastique \u00e0 bretelles 80 % recycl\u00e9\" width=\"430\" height=\"430\" class=\"aligncenter size-medium wp-image-23810\" srcset=\"https:\/\/www.rajapack.be\/blog-be\/wp-content\/uploads\/2020\/01\/plastic-draagtas-gerecycled-1-430x430.webp 430w, https:\/\/www.rajapack.be\/blog-be\/wp-content\/uploads\/2020\/01\/plastic-draagtas-gerecycled-1-150x150.webp 150w, https:\/\/www.rajapack.be\/blog-be\/wp-content\/uploads\/2020\/01\/plastic-draagtas-gerecycled-1-120x120.webp 120w, https:\/\/www.rajapack.be\/blog-be\/wp-content\/uploads\/2020\/01\/plastic-draagtas-gerecycled-1.webp 600w\" sizes=\"(max-width: 430px) 100vw, 430px\" \/><\/a><br \/>\n<div class=\"su-spacer\" style=\"height:20px\"><\/div>\n<div class=\"su-spacer\" style=\"height:20px\"><\/div>\n<h3><span style=\"color: #1e4fb0;\"><strong><span style=\"color: #ff0000;\">\u25ba<\/span><\/strong> <span style=\"color: #276ef1;\"><strong>3.<\/strong> <\/span><\/span><span style=\"color: #276ef1;\"><strong><strong>Sac en toile de jute ou coton<\/strong>\u00a0<\/strong><\/span><\/h3>\n<div class=\"su-spacer\" style=\"height:20px\"><\/div>\n<p style=\"text-align: justify;\">Les sacs en coton ou en toile de jute ne sont pas seulement robustes et pratiques, ils sont aussi tendance. <a href=\"https:\/\/www.rajapack.be\/fr_BE\/emballages-boutiques\/sac-plastique-sachets-magasins\/sac-reutilisable\/sac-coton_PDT580582.html\" target=\"_blank\" rel=\"noopener\">Les sacs en coton<\/a> sont faciles \u00e0 plier et \u00e0 ranger dans votre poche ou dans votre sac \u00e0 main. Le coton est, par nature, une mati\u00e8re tr\u00e8s r\u00e9sistante. Il ne s&#8217;use pas et garantit une qualit\u00e9 durable. Apr\u00e8s le coton, la toile de jute est la fibre naturelle la plus utilis\u00e9e. Les sacs en toile de jute sont durables, tr\u00e8s solides et peuvent \u00eatre compost\u00e9s.<\/p>\n<div class=\"su-spacer\" style=\"height:20px\"><\/div><a href=\"https:\/\/www.rajapack.be\/fr_BE\/emballages-boutiques\/sacs-reutilisables\/sac-toile-jute_PDT580580.html\"><img loading=\"lazy\" decoding=\"async\" class=\"aligncenter wp-image-4368\" src=\"https:\/\/www.rajapack.be\/blog-be\/wp-content\/uploads\/2018\/10\/Juten-zak-1.jpg\" alt=\"Sac en toile de jute ou coton\" width=\"350\" height=\"402\" srcset=\"https:\/\/www.rajapack.be\/blog-be\/wp-content\/uploads\/2018\/10\/Juten-zak-1.jpg 510w, https:\/\/www.rajapack.be\/blog-be\/wp-content\/uploads\/2018\/10\/Juten-zak-1-261x300.jpg 261w\" sizes=\"(max-width: 350px) 100vw, 350px\" \/><\/a><\/p>\n<div class=\"su-spacer\" style=\"height:20px\"><\/div>\n<div class=\"su-spacer\" style=\"height:20px\"><\/div>\n<h3><span style=\"color: #1e4fb0;\"><strong><span style=\"color: #d52f13;\">\u25ba<\/span><\/strong> <span style=\"color: #276ef1;\"><strong>4.<\/strong> <\/span><\/span><span style=\"color: #276ef1;\"><strong><strong>Sac polypropyl\u00e8ne<\/strong>\u00a0<\/strong><\/span><\/h3>\n<div class=\"su-spacer\" style=\"height:20px\"><\/div>\n<p style=\"text-align: justify;\">Le dernier type de sac duquel nous allons parler est celui en polypropyl\u00e8ne. Le polypropyl\u00e8ne est l&#8217;un des plastiques les plus utilis\u00e9s. Il se d\u00e9forme \u00e0 peine, est tr\u00e8s solide, inalt\u00e9rable et r\u00e9sistant \u00e0 la chaleur. Contrairement au sac plastique l\u00e9ger, un <a href=\"https:\/\/www.rajapack.be\/fr_BE\/emballages-boutiques\/sacs-reutilisables\/sac-polypropylene-non-tisse_PDT580583.html\" target=\"_blank\" rel=\"noopener noreferrer\">sac en polypropyl\u00e8ne<\/a> <strong>peut \u00eatre utilis\u00e9 jusqu&#8217;\u00e0 400 fois<\/strong>.<\/p>\n<div class=\"su-spacer\" style=\"height:20px\"><\/div><a href=\"https:\/\/www.rajapack.be\/fr_BE\/emballages-boutiques\/sacs-reutilisables\/sac-polypropylene-non-tisse_PDT580583.html\" target=\"_blank\" rel=\"noopener noreferrer\"><img loading=\"lazy\" decoding=\"async\" src=\"https:\/\/www.rajapack.be\/blog-be\/wp-content\/uploads\/2020\/01\/sac-polypropylene-non-tisse-blanc-430x430.webp\" alt=\"sac polypropyl\u00e8ne non-tiss\u00e9 blanc\" width=\"430\" height=\"430\" class=\"aligncenter size-medium wp-image-23813\" srcset=\"https:\/\/www.rajapack.be\/blog-be\/wp-content\/uploads\/2020\/01\/sac-polypropylene-non-tisse-blanc-430x430.webp 430w, https:\/\/www.rajapack.be\/blog-be\/wp-content\/uploads\/2020\/01\/sac-polypropylene-non-tisse-blanc-150x150.webp 150w, https:\/\/www.rajapack.be\/blog-be\/wp-content\/uploads\/2020\/01\/sac-polypropylene-non-tisse-blanc-120x120.webp 120w, https:\/\/www.rajapack.be\/blog-be\/wp-content\/uploads\/2020\/01\/sac-polypropylene-non-tisse-blanc.webp 600w\" sizes=\"(max-width: 430px) 100vw, 430px\" \/><\/a><\/p>\n<p style=\"text-align: justify;\"><div class=\"su-spacer\" style=\"height:20px\"><\/div>\n<div class=\"su-spacer\" style=\"height:20px\"><\/div>\n<div class=\"su-spacer\" style=\"height:20px\"><\/div><strong><span style=\"color: #d52f13;\">\u00a0<\/span><\/strong><\/p>\n<div class=\"su-box su-box-style-glass\" id=\"\" style=\"border-color:#003bbe;border-radius:20px\"><div class=\"su-box-title\" style=\"background-color:#276ef1;color:#FFFFFF;border-top-left-radius:18px;border-top-right-radius:18px\">Pourquoi l&#039;UE interdit-elle les sacs en plastique fin ?<\/div><div class=\"su-box-content su-u-clearfix su-u-trim\" style=\"border-bottom-left-radius:18px;border-bottom-right-radius:18px\">\n<p style=\"text-align: justify;\">Le <a href=\"https:\/\/commission.europa.eu\/strategy-and-policy\/priorities-2019-2024\/european-green-deal_fr\" target=\"_blank\" rel=\"noopener noreferrer\">Pacte Vert<\/a> est le plan d&#8217;action europ\u00e9en visant \u00e0 faire de l&#8217;Europe le premier continent neutre sur le plan climatique d&#8217;ici 2050. L&#8217;une des strat\u00e9gies les plus importantes pour y parvenir est de construire une <a href=\"https:\/\/www.rajapack.be\/blog-be\/strategie-sur-le-plastique\/\" target=\"_blank\" rel=\"noopener noreferrer\">\u00e9conomie circulaire<\/a>. Comment cela se traduit-il en termes d&#8217;emballage ?<br \/>\nD&#8217;ici 2030 au plus tard, l&#8217;UE souhaite que tous les emballages soient r\u00e9utilisables ou recyclables. Les produits et services qui ne peuvent \u00eatre utilis\u00e9s qu&#8217;une seule fois seront d\u00e9conseill\u00e9s, voire interdits &#8211; comme c&#8217;est le cas pour les sacs en plastique tr\u00e8s fins. Seuls les sacs <strong>faciles \u00e0<\/strong> <strong>recycler<\/strong> ou <strong>souvent r\u00e9utilisables<\/strong> peuvent encore \u00eatre mis sur le march\u00e9.<\/p>\n<\/div><\/div>\n<div class=\"su-spacer\" style=\"height:20px\"><\/div><strong><span style=\"color: #d52f13;\">\u00a0<\/span><\/strong><\/p>\n<p><img loading=\"lazy\" decoding=\"async\" class=\"alignleft wp-image-3342\" style=\"text-align: justify;\" src=\"https:\/\/www.rajapack.be\/blog-be\/wp-content\/uploads\/2018\/05\/Kies-de-juiste-verpakkingsmachines-en-profiteer-vervolgens-van-al-hun-voordelen.jpg\" alt=\"Remarque\" width=\"88\" height=\"90\" \/><\/p>\n<p style=\"text-align: justify;\"><strong><span style=\"color: #d52f13;\">Le saviez-vous ?<\/span> <\/strong>En plus d\u2019\u00eatre r\u00e9utilisables, les sacs ci-dessus sont aussi <a href=\"https:\/\/www.rajapack.be\/blog-be\/emballage-personnalise\/\" target=\"_blank\" rel=\"noopener noreferrer\"><strong>personnalisables<\/strong><\/a>. Votre marque serait visible partout, que ce soit dans une rue commer\u00e7ante ou dans une pi\u00e8ce de la maison de votre client. Pensez-y !<\/p>\n<p>&nbsp;<\/p>\n","protected":false},"excerpt":{"rendered":"<p>Les \u00e9tats membres de l&#8217;Union Europ\u00e9enne s\u2019engagent depuis des ann\u00e9es d\u00e9j\u00e0 \u00e0 r\u00e9duire l&#8217;utilisation des sacs plastique l\u00e9gers. La directive europ\u00e9enne 2015\/720 stipule que les sacs en plastique doivent avoir [&#8230;]<\/p>\n","protected":false},"author":64,"featured_media":4361,"comment_status":"open","ping_status":"closed","sticky":false,"template":"","format":"standard","meta":{"_acf_changed":false,"footnotes":""},"categories":[705],"tags":[872,840,858,854,834,808],"class_list":["post-4360","post","type-post","status-publish","format-standard","has-post-thumbnail","hentry","category-solutions-eco-responsables","tag-emballage-imprime","tag-emballages-detail","tag-emballages-plastique","tag-emballages-vente-emporter","tag-personnalisation","tag-produits-eco-responsables"],"acf":[],"yoast_head":"<!-- This site is optimized with the Yoast SEO plugin v23.0 - https:\/\/yoast.com\/wordpress\/plugins\/seo\/ -->\n<title>Alternatives pour sacs plastique ind\u00e9sirables | RAJAPACK Blog<\/title>\n<meta name=\"description\" content=\"Les sacs en plastique l\u00e9gers seront interdits dans toute l&#039;UE. V\u00e9rifiez quels sacs peuvent \u00eatre utilis\u00e9s conform\u00e9ment \u00e0 la l\u00e9gislation.\" \/>\n<meta name=\"robots\" content=\"index, follow, max-snippet:-1, max-image-preview:large, max-video-preview:-1\" \/>\n<link rel=\"canonical\" href=\"https:\/\/www.rajapack.be\/blog-be\/alternatives-sacs-plastique\" \/>\n<meta property=\"og:locale\" content=\"nl_BE\" \/>\n<meta property=\"og:type\" content=\"article\" \/>\n<meta property=\"og:title\" content=\"Alternatives pour sacs plastique ind\u00e9sirables | RAJAPACK Blog\" \/>\n<meta property=\"og:description\" content=\"Les sacs en plastique l\u00e9gers seront interdits dans toute l&#039;UE. V\u00e9rifiez quels sacs peuvent \u00eatre utilis\u00e9s conform\u00e9ment \u00e0 la l\u00e9gislation.\" \/>\n<meta property=\"og:url\" content=\"https:\/\/www.rajapack.be\/blog-be\/alternatives-sacs-plastique\" \/>\n<meta property=\"og:site_name\" content=\"RAJA Blog\" \/>\n<meta property=\"article:publisher\" content=\"https:\/\/www.facebook.com\/rajapackbenelux\" \/>\n<meta property=\"article:published_time\" content=\"2020-01-02T14:00:32+00:00\" \/>\n<meta property=\"article:modified_time\" content=\"2026-02-26T14:05:25+00:00\" \/>\n<meta property=\"og:image\" content=\"https:\/\/www.rajapack.be\/blog-be\/wp-content\/uploads\/2018\/10\/Verbod-plastic-zakken-1.jpg\" \/>\n\t<meta property=\"og:image:width\" content=\"816\" \/>\n\t<meta property=\"og:image:height\" content=\"490\" \/>\n\t<meta property=\"og:image:type\" content=\"image\/jpeg\" \/>\n<meta name=\"author\" content=\"Arne\" \/>\n<meta name=\"twitter:card\" content=\"summary_large_image\" \/>\n<meta name=\"twitter:creator\" content=\"@RajaBelgium\" \/>\n<meta name=\"twitter:site\" content=\"@RajaBelgium\" \/>\n<meta name=\"twitter:label1\" content=\"Geschreven door\" \/>\n\t<meta name=\"twitter:data1\" content=\"Arne\" \/>\n\t<meta name=\"twitter:label2\" content=\"Geschatte leestijd\" \/>\n\t<meta name=\"twitter:data2\" content=\"5 minuten\" \/>\n<script type=\"application\/ld+json\" class=\"yoast-schema-graph\">{\n\t    \"@context\": \"https:\/\/schema.org\",\n\t    \"@graph\": [\n\t        {\n\t            \"@type\": \"Article\",\n\t            \"@id\": \"https:\/\/www.rajapack.be\/blog-be\/alternatives-sacs-plastique#article\",\n\t            \"isPartOf\": {\n\t                \"@id\": \"https:\/\/www.rajapack.be\/blog-be\/alternatives-sacs-plastique\"\n\t            },\n\t            \"author\": {\n\t                \"name\": \"Arne\",\n\t                \"@id\": \"https:\/\/www.rajapack.be\/blog-be\/#\/schema\/person\/57b1d9f661118e1cc24542e70bfbe2b3\"\n\t            },\n\t            \"headline\": \"Interdiction des sacs plastique : quelles sont les alternatives ?\",\n\t            \"datePublished\": \"2020-01-02T14:00:32+00:00\",\n\t            \"dateModified\": \"2026-02-26T14:05:25+00:00\",\n\t            \"mainEntityOfPage\": {\n\t                \"@id\": \"https:\/\/www.rajapack.be\/blog-be\/alternatives-sacs-plastique\"\n\t            },\n\t            \"wordCount\": 731,\n\t            \"commentCount\": 0,\n\t            \"publisher\": {\n\t                \"@id\": \"https:\/\/www.rajapack.be\/blog-be\/#organization\"\n\t            },\n\t            \"image\": {\n\t                \"@id\": \"https:\/\/www.rajapack.be\/blog-be\/alternatives-sacs-plastique#primaryimage\"\n\t            },\n\t            \"thumbnailUrl\": \"https:\/\/www.rajapack.be\/blog-be\/wp-content\/uploads\/2018\/10\/Verbod-plastic-zakken-1.jpg\",\n\t            \"keywords\": [\n\t                \"Emballage imprim\u00e9\",\n\t                \"Emballages de d\u00e9tail\",\n\t                \"Emballages plastique\",\n\t                \"Emballages pour vente \u00e0 emporter\",\n\t                \"Personnalisation\",\n\t                \"Produits \u00e9co-responsables\"\n\t            ],\n\t            \"articleSection\": [\n\t                \"Solutions \u00e9co-responsables\"\n\t            ],\n\t            \"inLanguage\": \"nl-BE\",\n\t            \"potentialAction\": [\n\t                {\n\t                    \"@type\": \"CommentAction\",\n\t                    \"name\": \"Comment\",\n\t                    \"target\": [\n\t                        \"https:\/\/www.rajapack.be\/blog-be\/alternatives-sacs-plastique#respond\"\n\t                    ]\n\t                }\n\t            ]\n\t        },\n\t        {\n\t            \"@type\": \"WebPage\",\n\t            \"@id\": \"https:\/\/www.rajapack.be\/blog-be\/alternatives-sacs-plastique\",\n\t            \"url\": \"https:\/\/www.rajapack.be\/blog-be\/alternatives-sacs-plastique\",\n\t            \"name\": \"Alternatives pour sacs plastique ind\u00e9sirables | RAJAPACK Blog\",\n\t            \"isPartOf\": {\n\t                \"@id\": \"https:\/\/www.rajapack.be\/blog-be\/#website\"\n\t            },\n\t            \"primaryImageOfPage\": {\n\t                \"@id\": \"https:\/\/www.rajapack.be\/blog-be\/alternatives-sacs-plastique#primaryimage\"\n\t            },\n\t            \"image\": {\n\t                \"@id\": \"https:\/\/www.rajapack.be\/blog-be\/alternatives-sacs-plastique#primaryimage\"\n\t            },\n\t            \"thumbnailUrl\": \"https:\/\/www.rajapack.be\/blog-be\/wp-content\/uploads\/2018\/10\/Verbod-plastic-zakken-1.jpg\",\n\t            \"datePublished\": \"2020-01-02T14:00:32+00:00\",\n\t            \"dateModified\": \"2026-02-26T14:05:25+00:00\",\n\t            \"description\": \"Les sacs en plastique l\u00e9gers seront interdits dans toute l'UE. V\u00e9rifiez quels sacs peuvent \u00eatre utilis\u00e9s conform\u00e9ment \u00e0 la l\u00e9gislation.\",\n\t            \"inLanguage\": \"nl-BE\",\n\t            \"potentialAction\": [\n\t                {\n\t                    \"@type\": \"ReadAction\",\n\t                    \"target\": [\n\t                        \"https:\/\/www.rajapack.be\/blog-be\/alternatives-sacs-plastique\"\n\t                    ]\n\t                }\n\t            ]\n\t        },\n\t        {\n\t            \"@type\": \"ImageObject\",\n\t            \"inLanguage\": \"nl-BE\",\n\t            \"@id\": \"https:\/\/www.rajapack.be\/blog-be\/alternatives-sacs-plastique#primaryimage\",\n\t            \"url\": \"https:\/\/www.rajapack.be\/blog-be\/wp-content\/uploads\/2018\/10\/Verbod-plastic-zakken-1.jpg\",\n\t            \"contentUrl\": \"https:\/\/www.rajapack.be\/blog-be\/wp-content\/uploads\/2018\/10\/Verbod-plastic-zakken-1.jpg\",\n\t            \"width\": 816,\n\t            \"height\": 490,\n\t            \"caption\": \"Interdiction des sacs plastique : quelles sont les alternatives ?\"\n\t        },\n\t        {\n\t            \"@type\": \"WebSite\",\n\t            \"@id\": \"https:\/\/www.rajapack.be\/blog-be\/#website\",\n\t            \"url\": \"https:\/\/www.rajapack.be\/blog-be\/\",\n\t            \"name\": \"RAJA Blog\",\n\t            \"description\": \"Alles over verpakkingen, logistiek en meer\",\n\t            \"publisher\": {\n\t                \"@id\": \"https:\/\/www.rajapack.be\/blog-be\/#organization\"\n\t            },\n\t            \"potentialAction\": [\n\t                {\n\t                    \"@type\": \"SearchAction\",\n\t                    \"target\": {\n\t                        \"@type\": \"EntryPoint\",\n\t                        \"urlTemplate\": \"https:\/\/www.rajapack.be\/blog-be\/?s={search_term_string}\"\n\t                    },\n\t                    \"query-input\": \"required name=search_term_string\"\n\t                }\n\t            ],\n\t            \"inLanguage\": \"nl-BE\"\n\t        },\n\t        {\n\t            \"@type\": \"Organization\",\n\t            \"@id\": \"https:\/\/www.rajapack.be\/blog-be\/#organization\",\n\t            \"name\": \"RAJA Benelux\",\n\t            \"url\": \"https:\/\/www.rajapack.be\/blog-be\/\",\n\t            \"logo\": {\n\t                \"@type\": \"ImageObject\",\n\t                \"inLanguage\": \"nl-BE\",\n\t                \"@id\": \"https:\/\/www.rajapack.be\/blog-be\/#\/schema\/logo\/image\/\",\n\t                \"url\": \"https:\/\/www.rajapack.be\/blog-be\/wp-content\/uploads\/2022\/09\/RAJA-logo-social.png\",\n\t                \"contentUrl\": \"https:\/\/www.rajapack.be\/blog-be\/wp-content\/uploads\/2022\/09\/RAJA-logo-social.png\",\n\t                \"width\": 497,\n\t                \"height\": 491,\n\t                \"caption\": \"RAJA Benelux\"\n\t            },\n\t            \"image\": {\n\t                \"@id\": \"https:\/\/www.rajapack.be\/blog-be\/#\/schema\/logo\/image\/\"\n\t            },\n\t            \"sameAs\": [\n\t                \"https:\/\/www.facebook.com\/rajapackbenelux\",\n\t                \"https:\/\/x.com\/RajaBelgium\"\n\t            ]\n\t        },\n\t        {\n\t            \"@type\": \"Person\",\n\t            \"@id\": \"https:\/\/www.rajapack.be\/blog-be\/#\/schema\/person\/57b1d9f661118e1cc24542e70bfbe2b3\",\n\t            \"name\": \"Arne\",\n\t            \"image\": {\n\t                \"@type\": \"ImageObject\",\n\t                \"inLanguage\": \"nl-BE\",\n\t                \"@id\": \"https:\/\/www.rajapack.be\/blog-be\/#\/schema\/person\/image\/\",\n\t                \"url\": \"https:\/\/secure.gravatar.com\/avatar\/f2bcd48cb1fcf446fc71a87f4162d3ed?s=96&r=g\",\n\t                \"contentUrl\": \"https:\/\/secure.gravatar.com\/avatar\/f2bcd48cb1fcf446fc71a87f4162d3ed?s=96&r=g\",\n\t                \"caption\": \"Arne\"\n\t            },\n\t            \"description\": \"Met een scherp oog voor SEO en een vlotte pen, brengt Arne het verhaal van RAJAPACK's assortiment en vertelt hij over de laatste trends in verpakkingen, logistiek en zoveel meer.\",\n\t            \"url\": \"https:\/\/www.rajapack.be\/blog-be\/author\/arne-leen\"\n\t        }\n\t    ]\n\t}<\/script>\n<!-- \/ Yoast SEO plugin. -->","yoast_head_json":{"title":"Alternatives pour sacs plastique ind\u00e9sirables | RAJAPACK Blog","description":"Les sacs en plastique l\u00e9gers seront interdits dans toute l'UE. V\u00e9rifiez quels sacs peuvent \u00eatre utilis\u00e9s conform\u00e9ment \u00e0 la l\u00e9gislation.","robots":{"index":"index","follow":"follow","max-snippet":"max-snippet:-1","max-image-preview":"max-image-preview:large","max-video-preview":"max-video-preview:-1"},"canonical":"https:\/\/www.rajapack.be\/blog-be\/alternatives-sacs-plastique","og_locale":"nl_BE","og_type":"article","og_title":"Alternatives pour sacs plastique ind\u00e9sirables | RAJAPACK Blog","og_description":"Les sacs en plastique l\u00e9gers seront interdits dans toute l'UE. V\u00e9rifiez quels sacs peuvent \u00eatre utilis\u00e9s conform\u00e9ment \u00e0 la l\u00e9gislation.","og_url":"https:\/\/www.rajapack.be\/blog-be\/alternatives-sacs-plastique","og_site_name":"RAJA Blog","article_publisher":"https:\/\/www.facebook.com\/rajapackbenelux","article_published_time":"2020-01-02T14:00:32+00:00","article_modified_time":"2026-02-26T14:05:25+00:00","og_image":[{"width":816,"height":490,"url":"https:\/\/www.rajapack.be\/blog-be\/wp-content\/uploads\/2018\/10\/Verbod-plastic-zakken-1.jpg","type":"image\/jpeg"}],"author":"Arne","twitter_card":"summary_large_image","twitter_creator":"@RajaBelgium","twitter_site":"@RajaBelgium","twitter_misc":{"Geschreven door":"Arne","Geschatte leestijd":"5 minuten"},"schema":{"@context":"https:\/\/schema.org","@graph":[{"@type":"Article","@id":"https:\/\/www.rajapack.be\/blog-be\/alternatives-sacs-plastique#article","isPartOf":{"@id":"https:\/\/www.rajapack.be\/blog-be\/alternatives-sacs-plastique"},"author":{"name":"Arne","@id":"https:\/\/www.rajapack.be\/blog-be\/#\/schema\/person\/57b1d9f661118e1cc24542e70bfbe2b3"},"headline":"Interdiction des sacs plastique : quelles sont les alternatives ?","datePublished":"2020-01-02T14:00:32+00:00","dateModified":"2026-02-26T14:05:25+00:00","mainEntityOfPage":{"@id":"https:\/\/www.rajapack.be\/blog-be\/alternatives-sacs-plastique"},"wordCount":731,"commentCount":0,"publisher":{"@id":"https:\/\/www.rajapack.be\/blog-be\/#organization"},"image":{"@id":"https:\/\/www.rajapack.be\/blog-be\/alternatives-sacs-plastique#primaryimage"},"thumbnailUrl":"https:\/\/www.rajapack.be\/blog-be\/wp-content\/uploads\/2018\/10\/Verbod-plastic-zakken-1.jpg","keywords":["Emballage imprim\u00e9","Emballages de d\u00e9tail","Emballages plastique","Emballages pour vente \u00e0 emporter","Personnalisation","Produits \u00e9co-responsables"],"articleSection":["Solutions \u00e9co-responsables"],"inLanguage":"nl-BE","potentialAction":[{"@type":"CommentAction","name":"Comment","target":["https:\/\/www.rajapack.be\/blog-be\/alternatives-sacs-plastique#respond"]}]},{"@type":"WebPage","@id":"https:\/\/www.rajapack.be\/blog-be\/alternatives-sacs-plastique","url":"https:\/\/www.rajapack.be\/blog-be\/alternatives-sacs-plastique","name":"Alternatives pour sacs plastique ind\u00e9sirables | RAJAPACK Blog","isPartOf":{"@id":"https:\/\/www.rajapack.be\/blog-be\/#website"},"primaryImageOfPage":{"@id":"https:\/\/www.rajapack.be\/blog-be\/alternatives-sacs-plastique#primaryimage"},"image":{"@id":"https:\/\/www.rajapack.be\/blog-be\/alternatives-sacs-plastique#primaryimage"},"thumbnailUrl":"https:\/\/www.rajapack.be\/blog-be\/wp-content\/uploads\/2018\/10\/Verbod-plastic-zakken-1.jpg","datePublished":"2020-01-02T14:00:32+00:00","dateModified":"2026-02-26T14:05:25+00:00","description":"Les sacs en plastique l\u00e9gers seront interdits dans toute l'UE. V\u00e9rifiez quels sacs peuvent \u00eatre utilis\u00e9s conform\u00e9ment \u00e0 la l\u00e9gislation.","inLanguage":"nl-BE","potentialAction":[{"@type":"ReadAction","target":["https:\/\/www.rajapack.be\/blog-be\/alternatives-sacs-plastique"]}]},{"@type":"ImageObject","inLanguage":"nl-BE","@id":"https:\/\/www.rajapack.be\/blog-be\/alternatives-sacs-plastique#primaryimage","url":"https:\/\/www.rajapack.be\/blog-be\/wp-content\/uploads\/2018\/10\/Verbod-plastic-zakken-1.jpg","contentUrl":"https:\/\/www.rajapack.be\/blog-be\/wp-content\/uploads\/2018\/10\/Verbod-plastic-zakken-1.jpg","width":816,"height":490,"caption":"Interdiction des sacs plastique : quelles sont les alternatives ?"},{"@type":"WebSite","@id":"https:\/\/www.rajapack.be\/blog-be\/#website","url":"https:\/\/www.rajapack.be\/blog-be\/","name":"RAJA Blog","description":"Alles over verpakkingen, logistiek en meer","publisher":{"@id":"https:\/\/www.rajapack.be\/blog-be\/#organization"},"potentialAction":[{"@type":"SearchAction","target":{"@type":"EntryPoint","urlTemplate":"https:\/\/www.rajapack.be\/blog-be\/?s={search_term_string}"},"query-input":"required name=search_term_string"}],"inLanguage":"nl-BE"},{"@type":"Organization","@id":"https:\/\/www.rajapack.be\/blog-be\/#organization","name":"RAJA Benelux","url":"https:\/\/www.rajapack.be\/blog-be\/","logo":{"@type":"ImageObject","inLanguage":"nl-BE","@id":"https:\/\/www.rajapack.be\/blog-be\/#\/schema\/logo\/image\/","url":"https:\/\/www.rajapack.be\/blog-be\/wp-content\/uploads\/2022\/09\/RAJA-logo-social.png","contentUrl":"https:\/\/www.rajapack.be\/blog-be\/wp-content\/uploads\/2022\/09\/RAJA-logo-social.png","width":497,"height":491,"caption":"RAJA Benelux"},"image":{"@id":"https:\/\/www.rajapack.be\/blog-be\/#\/schema\/logo\/image\/"},"sameAs":["https:\/\/www.facebook.com\/rajapackbenelux","https:\/\/x.com\/RajaBelgium"]},{"@type":"Person","@id":"https:\/\/www.rajapack.be\/blog-be\/#\/schema\/person\/57b1d9f661118e1cc24542e70bfbe2b3","name":"Arne","image":{"@type":"ImageObject","inLanguage":"nl-BE","@id":"https:\/\/www.rajapack.be\/blog-be\/#\/schema\/person\/image\/","url":"https:\/\/secure.gravatar.com\/avatar\/f2bcd48cb1fcf446fc71a87f4162d3ed?s=96&r=g","contentUrl":"https:\/\/secure.gravatar.com\/avatar\/f2bcd48cb1fcf446fc71a87f4162d3ed?s=96&r=g","caption":"Arne"},"description":"Met een scherp oog voor SEO en een vlotte pen, brengt Arne het verhaal van RAJAPACK's assortiment en vertelt hij over de laatste trends in verpakkingen, logistiek en zoveel meer.","url":"https:\/\/www.rajapack.be\/blog-be\/author\/arne-leen"}]}},"_links":{"self":[{"href":"https:\/\/www.rajapack.be\/blog-be\/wp-json\/wp\/v2\/posts\/4360"}],"collection":[{"href":"https:\/\/www.rajapack.be\/blog-be\/wp-json\/wp\/v2\/posts"}],"about":[{"href":"https:\/\/www.rajapack.be\/blog-be\/wp-json\/wp\/v2\/types\/post"}],"author":[{"embeddable":true,"href":"https:\/\/www.rajapack.be\/blog-be\/wp-json\/wp\/v2\/users\/64"}],"replies":[{"embeddable":true,"href":"https:\/\/www.rajapack.be\/blog-be\/wp-json\/wp\/v2\/comments?post=4360"}],"version-history":[{"count":10,"href":"https:\/\/www.rajapack.be\/blog-be\/wp-json\/wp\/v2\/posts\/4360\/revisions"}],"predecessor-version":[{"id":25458,"href":"https:\/\/www.rajapack.be\/blog-be\/wp-json\/wp\/v2\/posts\/4360\/revisions\/25458"}],"wp:featuredmedia":[{"embeddable":true,"href":"https:\/\/www.rajapack.be\/blog-be\/wp-json\/wp\/v2\/media\/4361"}],"wp:attachment":[{"href":"https:\/\/www.rajapack.be\/blog-be\/wp-json\/wp\/v2\/media?parent=4360"}],"wp:term":[{"taxonomy":"category","embeddable":true,"href":"https:\/\/www.rajapack.be\/blog-be\/wp-json\/wp\/v2\/categories?post=4360"},{"taxonomy":"post_tag","embeddable":true,"href":"https:\/\/www.rajapack.be\/blog-be\/wp-json\/wp\/v2\/tags?post=4360"}],"curies":[{"name":"wp","href":"https:\/\/api.w.org\/{rel}","templated":true}]}}