{"id":8136,"date":"2019-08-15T11:57:25","date_gmt":"2019-08-15T10:57:25","guid":{"rendered":"https:\/\/www.rajapack.be\/blog-be\/?p=8136"},"modified":"2024-08-14T13:53:20","modified_gmt":"2024-08-14T12:53:20","slug":"poids-volumetrique","status":"publish","type":"post","link":"https:\/\/www.rajapack.be\/blog-be\/poids-volumetrique","title":{"rendered":"Poids volum\u00e9trique : vers des emballages plus compacts"},"content":{"rendered":"<div class=\"su-spacer\" style=\"height:20px\"><\/div>\n<p style=\"text-align: justify;\">Avec cet article, nous abordons un th\u00e8me important pour les boutiques en ligne : la r\u00e9duction des frais d&#8217;exp\u00e9dition. L&#8217;une des mesures les plus efficaces en emballage est de r\u00e9duire la quantit\u00e9 d&#8217;air dans une caisse, car l\u2019air, dans le monde du transport, \u00e7a se paye. Nous \u00e9tudierons un certain nombre de solutions pour emp\u00eacher les exp\u00e9ditions d&#8217;air inutile. Nous nous arr\u00eaterons \u00e9galement au poids volume ou volum\u00e9trique\u00a0: un calcul pratique pour ceux qui veulent apprendre \u00e0 exp\u00e9dier de fa\u00e7on plus compacte (et plus \u00e9conomique).<\/p>\n<div class=\"su-spacer\" style=\"height:20px\"><\/div>\n<h2><span style=\"color: #000000;\"><strong>1. R\u00e9duire vos frais d&#8217;exp\u00e9dition de 5 fa\u00e7ons<\/strong><\/span><\/h2>\n<div class=\"su-spacer\" style=\"height:20px\"><\/div>\n<p style=\"text-align: justify;\">Aux Pays-Bas, le secteur de l\u2019e-commerce s&#8217;est fix\u00e9 pour objectif de <strong>r\u00e9duire de 50 %<\/strong> les \u00e9missions de CO2 en logistique d&#8217;ici 2025. L&#8217;une des mesures pour atteindre cet objectif est la r\u00e9duction de l&#8217;air dans les emballages\u00a0: plus de colis par camion, moins de trajet, moins de CO2.<sup>1 <\/sup>Comme les secteurs belge et n\u00e9erlandais de l\u2019e-commerce sont \u00e9troitement li\u00e9s, cette mesure se fera \u00e9galement de plus en plus sentir dans notre pays. Avec les mesures ci-dessous, vous pourrez facilement sauter sur le train en marche et apprendre \u00e0 g\u00e9rer vos frais d&#8217;exp\u00e9dition de mani\u00e8re optimale. Rendez vos colis plus l\u00e9gers, plus compacts&#8230; et moins chers.<\/p>\n<div class=\"su-spacer\" style=\"height:20px\"><\/div>\n<h3><strong><span style=\"color: #d52f13;\">\u25ba<\/span> <\/strong><span style=\"color: #276ef1;\"><strong>Emballages astucieux<\/strong><\/span><\/h3>\n<div class=\"su-spacer\" style=\"height:20px\"><\/div>\n<p style=\"text-align: justify;\">Un sondage de <em>Partners for Innovation<\/em> montre que le taux de remplissage moyen d&#8217;une caisse est de 50 %.<sup>1<\/sup> Cela signifie que la moiti\u00e9 de tous les envois contiennent autre chose que le produit command\u00e9 : g\u00e9n\u00e9ralement du mat\u00e9riel de calage et\/ou de l&#8217;air. Si vous voulez r\u00e9duire le vide dans votre caisse, utilisez un emballage astucieux. Ce type d&#8217;emballage s\u2019adapte mieux \u00e0 la taille de votre produit.<\/p>\n<p style=\"text-align: justify;\">Prenons la caisse \u00e0 hauteur variable par exemple. Une seule de ces caisses peut s\u2019adapter jusqu\u2019\u00e0 12 hauteurs diff\u00e9rentes, selon la taille de votre produit. Une solution pratique pour le stockage d\u2019une seule caisse et le transport de produits de tailles l\u00e9g\u00e8rement diff\u00e9rentes. Vous cherchez des emballages avec des dimensions sp\u00e9cifiques ? Essayez notre <a href=\"https:\/\/www.rajapack.be\/fr_BE\/boxselector_cms_000002.html\" target=\"_blank\" rel=\"noopener noreferrer\">moteur de recherche<\/a>, sp\u00e9cialement con\u00e7u pour les caisses.<\/p>\n<div class=\"su-spacer\" style=\"height:20px\"><\/div>\n<p><img loading=\"lazy\" decoding=\"async\" class=\"aligncenter wp-image-13644 size-full\" src=\"https:\/\/www.rajapack.be\/blog-be\/wp-content\/uploads\/2019\/08\/Hauteur-variable.jpg\" alt=\"Comment utiliser une caisse multi hauteur ?\" width=\"500\" height=\"328\" srcset=\"https:\/\/www.rajapack.be\/blog-be\/wp-content\/uploads\/2019\/08\/Hauteur-variable.jpg 500w, https:\/\/www.rajapack.be\/blog-be\/wp-content\/uploads\/2019\/08\/Hauteur-variable-300x197.jpg 300w\" sizes=\"(max-width: 500px) 100vw, 500px\" \/><\/p>\n<div class=\"su-spacer\" style=\"height:20px\"><\/div>\n<div class=\"su-spacer\" style=\"height:20px\"><\/div>\n<h3><strong><span style=\"color: #d52f13;\">\u25ba<\/span> <\/strong><span style=\"color: #276ef1;\"><strong>Emballages plats et pochettes<\/strong><\/span><\/h3>\n<div class=\"su-spacer\" style=\"height:20px\"><\/div>\n<p style=\"text-align: justify;\">Une deuxi\u00e8me solution pour envoyer de fa\u00e7on plus compacte est d&#8217;utiliser des enveloppes, des bo\u00eetes pour bo\u00eetes aux lettres ou des pochettes d&#8217;exp\u00e9dition. Elles sont de plus en plus visibles dans le secteur de l\u2019e-commerce comme un substitut \u00e0 la caisse carton classique. Ces emballages sont plus plats et prennent donc beaucoup moins de place. De plus, ils peuvent \u00eatre ins\u00e9r\u00e9s directement dans une bo\u00eete aux lettres et \u00e9vitent des traitements superflus dans un centre d\u2019envoi.<\/p>\n<ul>\n<li><strong>Enveloppes et bo\u00eetes pour bo\u00eetes aux lettres en carton :<\/strong> pour l&#8217;envoi de livres, CDs, cadres photo, etc.<\/li>\n<li><strong>La pochette d&#8217;exp\u00e9dition en plastique :<\/strong> pour les produits qui ne sont pas fragiles, comme les v\u00eatements ou textiles ou encore les marchandises qui poss\u00e8dent d\u00e9j\u00e0 un emballage solide.<\/li>\n<\/ul>\n<div class=\"su-spacer\" style=\"height:20px\"><\/div>\n<p><img loading=\"lazy\" decoding=\"async\" class=\"aligncenter wp-image-13645 size-full\" src=\"https:\/\/www.rajapack.be\/blog-be\/wp-content\/uploads\/2019\/08\/Verzendzakken-brievenbusdozen-1.jpg\" alt=\"Exp\u00e9dier de fa\u00e7on plus \u00e9conomique avec des emballages plats\" width=\"500\" height=\"250\" srcset=\"https:\/\/www.rajapack.be\/blog-be\/wp-content\/uploads\/2019\/08\/Verzendzakken-brievenbusdozen-1.jpg 500w, https:\/\/www.rajapack.be\/blog-be\/wp-content\/uploads\/2019\/08\/Verzendzakken-brievenbusdozen-1-300x150.jpg 300w\" sizes=\"(max-width: 500px) 100vw, 500px\" \/><\/p>\n<div class=\"su-spacer\" style=\"height:20px\"><\/div>\n<div class=\"su-spacer\" style=\"height:20px\"><\/div>\n<h3><strong><span style=\"color: #d52f13;\">\u25ba<\/span> <\/strong><span style=\"color: #276ef1;\"><strong>L\u00e9ger comme l&#8217;air<\/strong><\/span><\/h3>\n<div class=\"su-spacer\" style=\"height:20px\"><\/div>\n<p style=\"text-align: justify;\">Vous \u00eates oblig\u00e9 d&#8217;utiliser du mat\u00e9riel de calage ? Pensez aux coussins d&#8217;air ou aux particules de calage Flo-Pak\u00ae. L&#8217;emballage avec de l&#8217;air est toujours la solution la plus l\u00e9g\u00e8re. De plus, le film plastique des coussins d&#8217;air est recyclable, tout comme la plupart des <a href=\"https:\/\/www.rajapack.be\/fr_BE\/calage-protection\/flo-pak_C404010.html\" target=\"_blank\" rel=\"noopener noreferrer\">particules Flo-Pak\u00ae<\/a>.<\/p>\n<div class=\"su-spacer\" style=\"height:20px\"><\/div>\n<div class=\"su-spacer\" style=\"height:20px\"><\/div>\n<h3><strong><span style=\"color: #d52f13;\">\u25ba<\/span> <\/strong><span style=\"color: #276ef1;\"><strong>Achetez votre mat\u00e9riel d&#8217;emballage en vrac<\/strong><\/span><\/h3>\n<div class=\"su-spacer\" style=\"height:20px\"><\/div>\n<p style=\"text-align: justify;\">L&#8217;achat en grosse quantit\u00e9 donne souvent lieu \u00e0 des r\u00e9ductions importantes. Choisissez donc les emballages que vous utilisez le plus souvent et achetez-les en grande quantit\u00e9 Vous aurez un prix unitaire moindre et aurez moins de frais de transport. Un bon exemple est encore une fois la caisse \u00e0 hauteur variable. Au lieu d&#8217;acheter 10 types de caisses, vous n&#8217;en achetez qu&#8217;un seul (que vous ajustez ensuite vous-m\u00eame \u00e0 la bonne hauteur). Par cons\u00e9quent, vous pouvez acheter la caisse \u00e0 hauteur variable en plus grande quantit\u00e9 et obtenir un prix unitaire moins cher.<\/p>\n<div class=\"su-spacer\" style=\"height:20px\"><\/div>\n<div class=\"su-spacer\" style=\"height:20px\"><\/div>\n<h3><strong><span style=\"color: #d52f13;\">\u25ba<\/span> <\/strong><span style=\"color: #276ef1;\"><strong>Optez pour un camion complet<\/strong><\/span><\/h3>\n<div class=\"su-spacer\" style=\"height:20px\"><\/div>\n<p style=\"text-align: justify;\">Travaillez avec d&#8217;autres entreprises pour livrer vos marchandises. Les recherches ont montr\u00e9 que 67 % des camions ne sont pas compl\u00e8tement remplis au d\u00e9part.<sup>2<\/sup> En collaborant avec les entreprises environnantes, vous pouvez remplir compl\u00e8tement le camion et optimiser ainsi vos frais d&#8217;exp\u00e9dition communs.<\/p>\n<div class=\"su-spacer\" style=\"height:20px\"><\/div>\n<div class=\"su-button-center\"><a href=\"https:\/\/www.rajapack.be\/fr_BE\/caisses-cartons-boites_C10.html\" class=\"su-button su-button-style-ghost su-button-wide\" style=\"color:#000000;background-color:#276ef1;border-color:#2058c1;border-radius:50px\" target=\"_blank\" rel=\"noopener noreferrer\"><span style=\"color:#000000;padding:8px 24px;font-size:18px;line-height:27px;border-color:#689af6;border-radius:50px;text-shadow:none\"><i class=\"sui sui-hand-o-right\" style=\"font-size:18px;color:#000000\"><\/i> <strong>Choisissez ici votre emballage compact<\/strong><\/span><\/a><\/div>\n<div class=\"su-spacer\" style=\"height:20px\"><\/div>\n<div class=\"su-divider su-divider-style-dotted\" style=\"margin:15px 0;border-width:3px;border-color:#999999\"><a href=\"#\" style=\"color:#999999\">Au d\u00e9but de l&#039;article<\/a><\/div>\n<div class=\"su-spacer\" style=\"height:20px\"><\/div>\n<div class=\"su-spacer\" style=\"height:20px\"><\/div>\n<h2><span style=\"color: #000000;\"><strong>2. Quel est l&#8217;avantage du poids volum\u00e9trique ?\u00a0<\/strong><\/span><\/h2>\n<div class=\"su-spacer\" style=\"height:20px\"><\/div>\n<p style=\"text-align: justify;\">Le plus important est d\u2019envoyer vos emballages de mani\u00e8re compacte. Pas seulement pour vos frais d&#8217;exp\u00e9dition, mais aussi pour vos clients, qui appr\u00e9cieront de ne pas recevoir un produit suremball\u00e9. C\u2019est ici qu\u2019intervient le poids volum\u00e9trique. Il examine l&#8217;espace effectif qu&#8217;occupe un colis (par exemple, dans un camion ou un avion).<\/p>\n<p style=\"text-align: justify;\">L\u2019avantage principal par rapport au poids r\u00e9el est que le poids volum\u00e9trique <strong>correspond mieux au type de marchandise et au moyen de transport<\/strong>. L&#8217;application de cette formule a, par exemple, rendu plus \u00e9conomique l&#8217;envoi de colis l\u00e9gers et compacts par voie a\u00e9rienne. Les marchandises tr\u00e8s lourdes et volumineuses sont, elles, transport\u00e9es par bateau \u00e0 meilleur prix.<\/p>\n<p><img loading=\"lazy\" decoding=\"async\" class=\"aligncenter wp-image-13646 size-full\" src=\"https:\/\/www.rajapack.be\/blog-be\/wp-content\/uploads\/2019\/08\/Verzenden-per-vliegtuig2-3.jpg\" alt=\"Paquets compacts pour le transport a\u00e9rien\" width=\"500\" height=\"252\" srcset=\"https:\/\/www.rajapack.be\/blog-be\/wp-content\/uploads\/2019\/08\/Verzenden-per-vliegtuig2-3.jpg 500w, https:\/\/www.rajapack.be\/blog-be\/wp-content\/uploads\/2019\/08\/Verzenden-per-vliegtuig2-3-300x151.jpg 300w\" sizes=\"(max-width: 500px) 100vw, 500px\" \/><\/p>\n<div class=\"su-spacer\" style=\"height:20px\"><\/div>\n<p style=\"text-align: justify;\">Dans certains cas, les services de messagerie utilisent m\u00eame le poids volum\u00e9trique comme point de d\u00e9part principal pour calculer leurs frais d&#8217;exp\u00e9dition. Cela peut \u00eatre le cas, par exemple, avec des livraisons express (en Europe et hors Europe) et des exp\u00e9ditions internationales (principalement hors Europe).<\/p>\n<div class=\"su-spacer\" style=\"height:20px\"><\/div>\n<div class=\"su-spacer\" style=\"height:20px\"><\/div>\n<p style=\"text-align: justify;\"><span style=\"color: #d52f13;\"><strong><img loading=\"lazy\" decoding=\"async\" class=\"alignleft wp-image-3340\" src=\"https:\/\/www.rajapack.be\/blog-be\/wp-content\/uploads\/2018\/07\/Kies-de-juiste-verpakkingsmachines-en-profiteer-vervolgens-van-al-hun-voordelen.jpg\" alt=\"Conseil de RAJAPACK\" width=\"50\" height=\"51\" srcset=\"https:\/\/www.rajapack.be\/blog-be\/wp-content\/uploads\/2018\/07\/Kies-de-juiste-verpakkingsmachines-en-profiteer-vervolgens-van-al-hun-voordelen.jpg 292w, https:\/\/www.rajapack.be\/blog-be\/wp-content\/uploads\/2018\/07\/Kies-de-juiste-verpakkingsmachines-en-profiteer-vervolgens-van-al-hun-voordelen-150x150.jpg 150w\" sizes=\"(max-width: 50px) 100vw, 50px\" \/><\/strong><\/span><strong><span style=\"color: #d52f13;\">Conseil :<\/span> <\/strong>plus votre emballage enveloppe votre produit, moins vous transportez d&#8217;air et plus vous exp\u00e9diez de mani\u00e8re \u00e9conomique.<\/p>\n<div class=\"su-spacer\" style=\"height:20px\"><\/div>\n<div class=\"su-divider su-divider-style-dotted\" style=\"margin:15px 0;border-width:3px;border-color:#999999\"><a href=\"#\" style=\"color:#999999\">Au d\u00e9but de l&#039;article<\/a><\/div>\n<div class=\"su-spacer\" style=\"height:20px\"><\/div>\n<div class=\"su-spacer\" style=\"height:20px\"><\/div>\n<h2><span style=\"color: #000000;\"><strong>3. Comment calculer le poids volum\u00e9trique ?<\/strong><\/span><\/h2>\n<div class=\"su-spacer\" style=\"height:20px\"><\/div>\n<p style=\"text-align: justify;\">Chaque service de messagerie utilise sa propre formule, l\u00e9g\u00e8rement diff\u00e9rente, pour calculer le poids volum\u00e9trique. Nous vous conseillons donc de consulter les conditions g\u00e9n\u00e9rales de votre service de messagerie avant de commencer le calcul final. Le plus couramment, le volume r\u00e9el est divis\u00e9 par un facteur de volume compris entre 1000 et 6000 :<\/p>\n<p style=\"text-align: justify;\"><img loading=\"lazy\" decoding=\"async\" class=\"aligncenter wp-image-13633 size-full\" src=\"https:\/\/www.rajapack.be\/blog-be\/wp-content\/uploads\/2019\/08\/Calcul-poids-volumetrique.jpg\" alt=\"Comment calculer le poids volum\u00e9trique ? \" width=\"700\" height=\"157\" srcset=\"https:\/\/www.rajapack.be\/blog-be\/wp-content\/uploads\/2019\/08\/Calcul-poids-volumetrique.jpg 700w, https:\/\/www.rajapack.be\/blog-be\/wp-content\/uploads\/2019\/08\/Calcul-poids-volumetrique-300x67.jpg 300w\" sizes=\"(max-width: 700px) 100vw, 700px\" \/><\/p>\n<div class=\"su-spacer\" style=\"height:20px\"><\/div>\n<p style=\"text-align: justify;\">Le facteur de volume ci-dessus (ici 4000) d\u00e9pend de la m\u00e9thode de transport. Ci-dessous, vous pouvez voir quel facteur de volume correspond \u00e0 quel type de transport. Cependant, le facteur exact peut varier d&#8217;un service de messagerie \u00e0 l&#8217;autre, donc autant le v\u00e9rifier avant le calcul :<\/p>\n<div class=\"su-spacer\" style=\"height:20px\"><\/div>\n<div class=\"su-table su-table-responsive su-table-alternate su-table-fixed\">\n<table>\n<tbody>\n<tr>\n<td style=\"text-align: center\"><strong>Transport a\u00e9rien<\/strong><img loading=\"lazy\" decoding=\"async\" class=\"aligncenter wp-image-8144\" src=\"https:\/\/www.rajapack.be\/blog-be\/wp-content\/uploads\/2019\/06\/Vliegtuig-1.png\" alt=\"Transport a\u00e9rien\" width=\"100\" height=\"80\" \/><\/td>\n<td style=\"text-align: center\"><strong>Transport routier<br \/>\n<img loading=\"lazy\" decoding=\"async\" class=\"aligncenter wp-image-8145\" src=\"https:\/\/www.rajapack.be\/blog-be\/wp-content\/uploads\/2019\/06\/Vrachtwagen-1.png\" alt=\"Transport routier\" width=\"100\" height=\"80\" \/><\/strong><\/td>\n<td style=\"text-align: center\"><strong>Transport maritime<img loading=\"lazy\" decoding=\"async\" class=\"aligncenter wp-image-8146\" src=\"https:\/\/www.rajapack.be\/blog-be\/wp-content\/uploads\/2019\/06\/Schip-1.png\" alt=\"Transport maritime\" width=\"100\" height=\"80\" \/><\/strong><\/td>\n<\/tr>\n<tr>\n<td style=\"text-align: center\">Facteur de volume :<br \/>\n9000<\/td>\n<td style=\"text-align: center\">Facteur de volume :<br \/>\n3000 ou 4000<\/td>\n<td style=\"text-align: center\">Facteur de volume :<br \/>\n1000<\/td>\n<\/tr>\n<\/tbody>\n<\/table>\n<\/div>\n<div class=\"su-spacer\" style=\"height:20px\"><\/div>\n<div class=\"su-divider su-divider-style-dotted\" style=\"margin:15px 0;border-width:3px;border-color:#999999\"><a href=\"#\" style=\"color:#999999\">Au d\u00e9but de l&#039;article<\/a><\/div>\n<div class=\"su-spacer\" style=\"height:20px\"><\/div>\n<div class=\"su-spacer\" style=\"height:20px\"><\/div>\n<h2><span style=\"color: #000000;\"><strong>4. Le poids r\u00e9el vs. le poids volum\u00e9trique<\/strong><\/span><\/h2>\n<div class=\"su-spacer\" style=\"height:20px\"><\/div>\n<p style=\"text-align: justify;\">Comme le volume d&#8217;un colis est de plus en plus contr\u00f4l\u00e9, il est probable qu&#8217;un nombre croissant de services de messagerie passent \u00e0 l&#8217;avenir au poids volum\u00e9trique. Pour savoir si cela vous donne un avantage sur le poids r\u00e9el ou non, veuillez suivre les 3 \u00e9tapes ci-dessous.<\/p>\n<div class=\"su-spacer\" style=\"height:20px\"><\/div>\n<p style=\"text-align: justify;\"><span style=\"color: #d52f13;\">\u25ba<\/span> <strong>\u00c9tape 1 : <\/strong>d\u00e9terminer le poids r\u00e9el. Supposons que l&#8217;emballage p\u00e8se 3 kg lorsqu&#8217;il est rempli.<\/p>\n<p style=\"text-align: justify;\"><strong><span style=\"color: #d52f13;\">\u25ba<\/span> <\/strong><strong>\u00c9tape 2 : <\/strong>calculer le poids volum\u00e9trique. Supposons que nous exp\u00e9dierons notre colis par camion. Le facteur de volume dans notre exemple est de 4000.<\/p>\n<p style=\"text-align: justify;\"><strong><span style=\"color: #d52f13;\">\u25ba<\/span> <\/strong><strong>\u00c9tape 3 : <\/strong>d\u00e9terminer le poids facturable. Maintenant que nous connaissons le poids r\u00e9el et le poids volum\u00e9trique, nous pouvons les comparer. <strong>Le poids facturable est toujours bas\u00e9 sur la valeur la plus \u00e9lev\u00e9e.<\/strong><\/p>\n<p><img loading=\"lazy\" decoding=\"async\" class=\"aligncenter size-full wp-image-13635\" src=\"https:\/\/www.rajapack.be\/blog-be\/wp-content\/uploads\/2019\/08\/Volumegewichtberekening_nieuwFR.jpg\" alt=\"Diff\u00e9rence poids volum\u00e9trique et poids r\u00e9el\" width=\"800\" height=\"395\" srcset=\"https:\/\/www.rajapack.be\/blog-be\/wp-content\/uploads\/2019\/08\/Volumegewichtberekening_nieuwFR.jpg 800w, https:\/\/www.rajapack.be\/blog-be\/wp-content\/uploads\/2019\/08\/Volumegewichtberekening_nieuwFR-300x148.jpg 300w, https:\/\/www.rajapack.be\/blog-be\/wp-content\/uploads\/2019\/08\/Volumegewichtberekening_nieuwFR-768x379.jpg 768w\" sizes=\"(max-width: 800px) 100vw, 800px\" \/><\/p>\n<div class=\"su-spacer\" style=\"height:20px\"><\/div>\n<div class=\"su-spacer\" style=\"height:20px\"><\/div>\n<div class=\"su-spacer\" style=\"height:20px\"><\/div>\n<p style=\"text-align: justify;\"><span style=\"color: #d52f13;\"><strong><img loading=\"lazy\" decoding=\"async\" class=\"alignleft wp-image-3340\" src=\"https:\/\/www.rajapack.be\/blog-be\/wp-content\/uploads\/2018\/07\/Kies-de-juiste-verpakkingsmachines-en-profiteer-vervolgens-van-al-hun-voordelen.jpg\" alt=\"Conseil de RAJAPACK\" width=\"60\" height=\"62\" \/><\/strong><strong><span style=\"color: #000000;\"><span style=\"color: #d52f13;\">Conclusion : <\/span><span style=\"color: #808080;\">en choisissant une caisse plus compacte, vous exp\u00e9diez de mani\u00e8re bien plus avantageuse. <\/span><\/span><\/strong><span style=\"color: #808080;\">Notre exemple montre que vous gagnez 2 kg de poids facturable (3 kg au lieu de 5 kg).<\/span><\/span><\/p>\n<div class=\"su-spacer\" style=\"height:20px\"><\/div>\n<div class=\"su-divider su-divider-style-dotted\" style=\"margin:15px 0;border-width:3px;border-color:#999999\"><a href=\"#\" style=\"color:#999999\">Au d\u00e9but de l&#039;article<\/a><\/div>\n<div class=\"su-spacer\" style=\"height:20px\"><\/div>\n<p style=\"text-align: justify;\"><div class=\"su-spacer\" style=\"height:20px\"><\/div>\n<p>Sources :<br \/>\n<sup>1 <\/sup><em>www.thuiswinkel.org\/bedrijven\/belangenbehartiging\/duurzaamheid\/ brancheverduurzamingsplan-verpakken-e-commerce-2019-2022<br \/>\n<\/em><sup>2 <\/sup><em>https:\/\/blog.raja.fr\/astuces-reduire-cout-transport-marchandises<br \/>\n<\/em><\/p>\n","protected":false},"excerpt":{"rendered":"<p>Avec cet article, nous abordons un th\u00e8me important pour les boutiques en ligne : la r\u00e9duction des frais d&#8217;exp\u00e9dition. L&#8217;une des mesures les plus efficaces en emballage est de r\u00e9duire [&#8230;]<\/p>\n","protected":false},"author":64,"featured_media":8137,"comment_status":"open","ping_status":"closed","sticky":false,"template":"","format":"standard","meta":{"_acf_changed":false,"footnotes":""},"categories":[695,705],"tags":[826,804,880,864,808],"class_list":["post-8136","post","type-post","status-publish","format-standard","has-post-thumbnail","hentry","category-ecommerce","category-solutions-eco-responsables","tag-caisse-carton","tag-emballage-compact","tag-emballages-export","tag-pochettes-expedition","tag-produits-eco-responsables"],"acf":[],"yoast_head":"<!-- This site is optimized with the Yoast SEO plugin v23.0 - https:\/\/yoast.com\/wordpress\/plugins\/seo\/ -->\n<title>Poids volum\u00e9trique: vers des emballages plus compacts | RAJAPACK<\/title>\n<meta name=\"description\" content=\"Le poids volum\u00e9trique tient compte de l&#039;espace occup\u00e9 par un colis. D\u00e9couvrez ici comment la calculer en d\u00e9tail.\" \/>\n<meta name=\"robots\" content=\"index, follow, max-snippet:-1, max-image-preview:large, max-video-preview:-1\" \/>\n<link rel=\"canonical\" href=\"https:\/\/www.rajapack.be\/blog-be\/poids-volumetrique\" \/>\n<meta property=\"og:locale\" content=\"nl_BE\" \/>\n<meta property=\"og:type\" content=\"article\" \/>\n<meta property=\"og:title\" content=\"Poids volum\u00e9trique: vers des emballages plus compacts | RAJAPACK\" \/>\n<meta property=\"og:description\" content=\"Le poids volum\u00e9trique tient compte de l&#039;espace occup\u00e9 par un colis. D\u00e9couvrez ici comment la calculer en d\u00e9tail.\" \/>\n<meta property=\"og:url\" content=\"https:\/\/www.rajapack.be\/blog-be\/poids-volumetrique\" \/>\n<meta property=\"og:site_name\" content=\"RAJA Blog\" \/>\n<meta property=\"article:publisher\" content=\"https:\/\/www.facebook.com\/rajapackbenelux\" \/>\n<meta property=\"article:published_time\" content=\"2019-08-15T10:57:25+00:00\" \/>\n<meta property=\"article:modified_time\" content=\"2024-08-14T12:53:20+00:00\" \/>\n<meta property=\"og:image\" content=\"https:\/\/www.rajapack.be\/blog-be\/wp-content\/uploads\/2019\/06\/Volumegewicht-berekenen-1.jpg\" \/>\n\t<meta property=\"og:image:width\" content=\"819\" \/>\n\t<meta property=\"og:image:height\" content=\"491\" \/>\n\t<meta property=\"og:image:type\" content=\"image\/jpeg\" \/>\n<meta name=\"author\" content=\"Arne\" \/>\n<meta name=\"twitter:card\" content=\"summary_large_image\" \/>\n<meta name=\"twitter:creator\" content=\"@RajaBelgium\" \/>\n<meta name=\"twitter:site\" content=\"@RajaBelgium\" \/>\n<meta name=\"twitter:label1\" content=\"Geschreven door\" \/>\n\t<meta name=\"twitter:data1\" content=\"Arne\" \/>\n\t<meta name=\"twitter:label2\" content=\"Geschatte leestijd\" \/>\n\t<meta name=\"twitter:data2\" content=\"9 minuten\" \/>\n<script type=\"application\/ld+json\" class=\"yoast-schema-graph\">{\n\t    \"@context\": \"https:\/\/schema.org\",\n\t    \"@graph\": [\n\t        {\n\t            \"@type\": \"Article\",\n\t            \"@id\": \"https:\/\/www.rajapack.be\/blog-be\/poids-volumetrique#article\",\n\t            \"isPartOf\": {\n\t                \"@id\": \"https:\/\/www.rajapack.be\/blog-be\/poids-volumetrique\"\n\t            },\n\t            \"author\": {\n\t                \"name\": \"Arne\",\n\t                \"@id\": \"https:\/\/www.rajapack.be\/blog-be\/#\/schema\/person\/57b1d9f661118e1cc24542e70bfbe2b3\"\n\t            },\n\t            \"headline\": \"Poids volum\u00e9trique : vers des emballages plus compacts\",\n\t            \"datePublished\": \"2019-08-15T10:57:25+00:00\",\n\t            \"dateModified\": \"2024-08-14T12:53:20+00:00\",\n\t            \"mainEntityOfPage\": {\n\t                \"@id\": \"https:\/\/www.rajapack.be\/blog-be\/poids-volumetrique\"\n\t            },\n\t            \"wordCount\": 1429,\n\t            \"commentCount\": 0,\n\t            \"publisher\": {\n\t                \"@id\": \"https:\/\/www.rajapack.be\/blog-be\/#organization\"\n\t            },\n\t            \"image\": {\n\t                \"@id\": \"https:\/\/www.rajapack.be\/blog-be\/poids-volumetrique#primaryimage\"\n\t            },\n\t            \"thumbnailUrl\": \"https:\/\/www.rajapack.be\/blog-be\/wp-content\/uploads\/2019\/06\/Volumegewicht-berekenen-1.jpg\",\n\t            \"keywords\": [\n\t                \"Caisse carton\",\n\t                \"Emballage compact\",\n\t                \"Emballages export\",\n\t                \"Pochettes d'exp\u00e9dition\",\n\t                \"Produits \u00e9co-responsables\"\n\t            ],\n\t            \"articleSection\": [\n\t                \"Ecommerce\",\n\t                \"Solutions \u00e9co-responsables\"\n\t            ],\n\t            \"inLanguage\": \"nl-BE\",\n\t            \"potentialAction\": [\n\t                {\n\t                    \"@type\": \"CommentAction\",\n\t                    \"name\": \"Comment\",\n\t                    \"target\": [\n\t                        \"https:\/\/www.rajapack.be\/blog-be\/poids-volumetrique#respond\"\n\t                    ]\n\t                }\n\t            ]\n\t        },\n\t        {\n\t            \"@type\": \"WebPage\",\n\t            \"@id\": \"https:\/\/www.rajapack.be\/blog-be\/poids-volumetrique\",\n\t            \"url\": \"https:\/\/www.rajapack.be\/blog-be\/poids-volumetrique\",\n\t            \"name\": \"Poids volum\u00e9trique: vers des emballages plus compacts | RAJAPACK\",\n\t            \"isPartOf\": {\n\t                \"@id\": \"https:\/\/www.rajapack.be\/blog-be\/#website\"\n\t            },\n\t            \"primaryImageOfPage\": {\n\t                \"@id\": \"https:\/\/www.rajapack.be\/blog-be\/poids-volumetrique#primaryimage\"\n\t            },\n\t            \"image\": {\n\t                \"@id\": \"https:\/\/www.rajapack.be\/blog-be\/poids-volumetrique#primaryimage\"\n\t            },\n\t            \"thumbnailUrl\": \"https:\/\/www.rajapack.be\/blog-be\/wp-content\/uploads\/2019\/06\/Volumegewicht-berekenen-1.jpg\",\n\t            \"datePublished\": \"2019-08-15T10:57:25+00:00\",\n\t            \"dateModified\": \"2024-08-14T12:53:20+00:00\",\n\t            \"description\": \"Le poids volum\u00e9trique tient compte de l'espace occup\u00e9 par un colis. D\u00e9couvrez ici comment la calculer en d\u00e9tail.\",\n\t            \"inLanguage\": \"nl-BE\",\n\t            \"potentialAction\": [\n\t                {\n\t                    \"@type\": \"ReadAction\",\n\t                    \"target\": [\n\t                        \"https:\/\/www.rajapack.be\/blog-be\/poids-volumetrique\"\n\t                    ]\n\t                }\n\t            ]\n\t        },\n\t        {\n\t            \"@type\": \"ImageObject\",\n\t            \"inLanguage\": \"nl-BE\",\n\t            \"@id\": \"https:\/\/www.rajapack.be\/blog-be\/poids-volumetrique#primaryimage\",\n\t            \"url\": \"https:\/\/www.rajapack.be\/blog-be\/wp-content\/uploads\/2019\/06\/Volumegewicht-berekenen-1.jpg\",\n\t            \"contentUrl\": \"https:\/\/www.rajapack.be\/blog-be\/wp-content\/uploads\/2019\/06\/Volumegewicht-berekenen-1.jpg\",\n\t            \"width\": 819,\n\t            \"height\": 491,\n\t            \"caption\": \"Poids volum\u00e9trique : ami ou ennemi de vos co\u00fbts d\u2019envoi ?\"\n\t        },\n\t        {\n\t            \"@type\": \"WebSite\",\n\t            \"@id\": \"https:\/\/www.rajapack.be\/blog-be\/#website\",\n\t            \"url\": \"https:\/\/www.rajapack.be\/blog-be\/\",\n\t            \"name\": \"RAJA Blog\",\n\t            \"description\": \"Alles over verpakkingen, logistiek en meer\",\n\t            \"publisher\": {\n\t                \"@id\": \"https:\/\/www.rajapack.be\/blog-be\/#organization\"\n\t            },\n\t            \"potentialAction\": [\n\t                {\n\t                    \"@type\": \"SearchAction\",\n\t                    \"target\": {\n\t                        \"@type\": \"EntryPoint\",\n\t                        \"urlTemplate\": \"https:\/\/www.rajapack.be\/blog-be\/?s={search_term_string}\"\n\t                    },\n\t                    \"query-input\": \"required name=search_term_string\"\n\t                }\n\t            ],\n\t            \"inLanguage\": \"nl-BE\"\n\t        },\n\t        {\n\t            \"@type\": \"Organization\",\n\t            \"@id\": \"https:\/\/www.rajapack.be\/blog-be\/#organization\",\n\t            \"name\": \"RAJA Benelux\",\n\t            \"url\": \"https:\/\/www.rajapack.be\/blog-be\/\",\n\t            \"logo\": {\n\t                \"@type\": \"ImageObject\",\n\t                \"inLanguage\": \"nl-BE\",\n\t                \"@id\": \"https:\/\/www.rajapack.be\/blog-be\/#\/schema\/logo\/image\/\",\n\t                \"url\": \"https:\/\/www.rajapack.be\/blog-be\/wp-content\/uploads\/2022\/09\/RAJA-logo-social.png\",\n\t                \"contentUrl\": \"https:\/\/www.rajapack.be\/blog-be\/wp-content\/uploads\/2022\/09\/RAJA-logo-social.png\",\n\t                \"width\": 497,\n\t                \"height\": 491,\n\t                \"caption\": \"RAJA Benelux\"\n\t            },\n\t            \"image\": {\n\t                \"@id\": \"https:\/\/www.rajapack.be\/blog-be\/#\/schema\/logo\/image\/\"\n\t            },\n\t            \"sameAs\": [\n\t                \"https:\/\/www.facebook.com\/rajapackbenelux\",\n\t                \"https:\/\/x.com\/RajaBelgium\"\n\t            ]\n\t        },\n\t        {\n\t            \"@type\": \"Person\",\n\t            \"@id\": \"https:\/\/www.rajapack.be\/blog-be\/#\/schema\/person\/57b1d9f661118e1cc24542e70bfbe2b3\",\n\t            \"name\": \"Arne\",\n\t            \"image\": {\n\t                \"@type\": \"ImageObject\",\n\t                \"inLanguage\": \"nl-BE\",\n\t                \"@id\": \"https:\/\/www.rajapack.be\/blog-be\/#\/schema\/person\/image\/\",\n\t                \"url\": \"https:\/\/secure.gravatar.com\/avatar\/f2bcd48cb1fcf446fc71a87f4162d3ed?s=96&r=g\",\n\t                \"contentUrl\": \"https:\/\/secure.gravatar.com\/avatar\/f2bcd48cb1fcf446fc71a87f4162d3ed?s=96&r=g\",\n\t                \"caption\": \"Arne\"\n\t            },\n\t            \"description\": \"Met een scherp oog voor SEO en een vlotte pen, brengt Arne het verhaal van RAJAPACK's assortiment en vertelt hij over de laatste trends in verpakkingen, logistiek en zoveel meer.\",\n\t            \"url\": \"https:\/\/www.rajapack.be\/blog-be\/author\/arne-leen\"\n\t        }\n\t    ]\n\t}<\/script>\n<!-- \/ Yoast SEO plugin. -->","yoast_head_json":{"title":"Poids volum\u00e9trique: vers des emballages plus compacts | RAJAPACK","description":"Le poids volum\u00e9trique tient compte de l'espace occup\u00e9 par un colis. D\u00e9couvrez ici comment la calculer en d\u00e9tail.","robots":{"index":"index","follow":"follow","max-snippet":"max-snippet:-1","max-image-preview":"max-image-preview:large","max-video-preview":"max-video-preview:-1"},"canonical":"https:\/\/www.rajapack.be\/blog-be\/poids-volumetrique","og_locale":"nl_BE","og_type":"article","og_title":"Poids volum\u00e9trique: vers des emballages plus compacts | RAJAPACK","og_description":"Le poids volum\u00e9trique tient compte de l'espace occup\u00e9 par un colis. D\u00e9couvrez ici comment la calculer en d\u00e9tail.","og_url":"https:\/\/www.rajapack.be\/blog-be\/poids-volumetrique","og_site_name":"RAJA Blog","article_publisher":"https:\/\/www.facebook.com\/rajapackbenelux","article_published_time":"2019-08-15T10:57:25+00:00","article_modified_time":"2024-08-14T12:53:20+00:00","og_image":[{"width":819,"height":491,"url":"https:\/\/www.rajapack.be\/blog-be\/wp-content\/uploads\/2019\/06\/Volumegewicht-berekenen-1.jpg","type":"image\/jpeg"}],"author":"Arne","twitter_card":"summary_large_image","twitter_creator":"@RajaBelgium","twitter_site":"@RajaBelgium","twitter_misc":{"Geschreven door":"Arne","Geschatte leestijd":"9 minuten"},"schema":{"@context":"https:\/\/schema.org","@graph":[{"@type":"Article","@id":"https:\/\/www.rajapack.be\/blog-be\/poids-volumetrique#article","isPartOf":{"@id":"https:\/\/www.rajapack.be\/blog-be\/poids-volumetrique"},"author":{"name":"Arne","@id":"https:\/\/www.rajapack.be\/blog-be\/#\/schema\/person\/57b1d9f661118e1cc24542e70bfbe2b3"},"headline":"Poids volum\u00e9trique : vers des emballages plus compacts","datePublished":"2019-08-15T10:57:25+00:00","dateModified":"2024-08-14T12:53:20+00:00","mainEntityOfPage":{"@id":"https:\/\/www.rajapack.be\/blog-be\/poids-volumetrique"},"wordCount":1429,"commentCount":0,"publisher":{"@id":"https:\/\/www.rajapack.be\/blog-be\/#organization"},"image":{"@id":"https:\/\/www.rajapack.be\/blog-be\/poids-volumetrique#primaryimage"},"thumbnailUrl":"https:\/\/www.rajapack.be\/blog-be\/wp-content\/uploads\/2019\/06\/Volumegewicht-berekenen-1.jpg","keywords":["Caisse carton","Emballage compact","Emballages export","Pochettes d'exp\u00e9dition","Produits \u00e9co-responsables"],"articleSection":["Ecommerce","Solutions \u00e9co-responsables"],"inLanguage":"nl-BE","potentialAction":[{"@type":"CommentAction","name":"Comment","target":["https:\/\/www.rajapack.be\/blog-be\/poids-volumetrique#respond"]}]},{"@type":"WebPage","@id":"https:\/\/www.rajapack.be\/blog-be\/poids-volumetrique","url":"https:\/\/www.rajapack.be\/blog-be\/poids-volumetrique","name":"Poids volum\u00e9trique: vers des emballages plus compacts | RAJAPACK","isPartOf":{"@id":"https:\/\/www.rajapack.be\/blog-be\/#website"},"primaryImageOfPage":{"@id":"https:\/\/www.rajapack.be\/blog-be\/poids-volumetrique#primaryimage"},"image":{"@id":"https:\/\/www.rajapack.be\/blog-be\/poids-volumetrique#primaryimage"},"thumbnailUrl":"https:\/\/www.rajapack.be\/blog-be\/wp-content\/uploads\/2019\/06\/Volumegewicht-berekenen-1.jpg","datePublished":"2019-08-15T10:57:25+00:00","dateModified":"2024-08-14T12:53:20+00:00","description":"Le poids volum\u00e9trique tient compte de l'espace occup\u00e9 par un colis. D\u00e9couvrez ici comment la calculer en d\u00e9tail.","inLanguage":"nl-BE","potentialAction":[{"@type":"ReadAction","target":["https:\/\/www.rajapack.be\/blog-be\/poids-volumetrique"]}]},{"@type":"ImageObject","inLanguage":"nl-BE","@id":"https:\/\/www.rajapack.be\/blog-be\/poids-volumetrique#primaryimage","url":"https:\/\/www.rajapack.be\/blog-be\/wp-content\/uploads\/2019\/06\/Volumegewicht-berekenen-1.jpg","contentUrl":"https:\/\/www.rajapack.be\/blog-be\/wp-content\/uploads\/2019\/06\/Volumegewicht-berekenen-1.jpg","width":819,"height":491,"caption":"Poids volum\u00e9trique : ami ou ennemi de vos co\u00fbts d\u2019envoi ?"},{"@type":"WebSite","@id":"https:\/\/www.rajapack.be\/blog-be\/#website","url":"https:\/\/www.rajapack.be\/blog-be\/","name":"RAJA Blog","description":"Alles over verpakkingen, logistiek en meer","publisher":{"@id":"https:\/\/www.rajapack.be\/blog-be\/#organization"},"potentialAction":[{"@type":"SearchAction","target":{"@type":"EntryPoint","urlTemplate":"https:\/\/www.rajapack.be\/blog-be\/?s={search_term_string}"},"query-input":"required name=search_term_string"}],"inLanguage":"nl-BE"},{"@type":"Organization","@id":"https:\/\/www.rajapack.be\/blog-be\/#organization","name":"RAJA Benelux","url":"https:\/\/www.rajapack.be\/blog-be\/","logo":{"@type":"ImageObject","inLanguage":"nl-BE","@id":"https:\/\/www.rajapack.be\/blog-be\/#\/schema\/logo\/image\/","url":"https:\/\/www.rajapack.be\/blog-be\/wp-content\/uploads\/2022\/09\/RAJA-logo-social.png","contentUrl":"https:\/\/www.rajapack.be\/blog-be\/wp-content\/uploads\/2022\/09\/RAJA-logo-social.png","width":497,"height":491,"caption":"RAJA Benelux"},"image":{"@id":"https:\/\/www.rajapack.be\/blog-be\/#\/schema\/logo\/image\/"},"sameAs":["https:\/\/www.facebook.com\/rajapackbenelux","https:\/\/x.com\/RajaBelgium"]},{"@type":"Person","@id":"https:\/\/www.rajapack.be\/blog-be\/#\/schema\/person\/57b1d9f661118e1cc24542e70bfbe2b3","name":"Arne","image":{"@type":"ImageObject","inLanguage":"nl-BE","@id":"https:\/\/www.rajapack.be\/blog-be\/#\/schema\/person\/image\/","url":"https:\/\/secure.gravatar.com\/avatar\/f2bcd48cb1fcf446fc71a87f4162d3ed?s=96&r=g","contentUrl":"https:\/\/secure.gravatar.com\/avatar\/f2bcd48cb1fcf446fc71a87f4162d3ed?s=96&r=g","caption":"Arne"},"description":"Met een scherp oog voor SEO en een vlotte pen, brengt Arne het verhaal van RAJAPACK's assortiment en vertelt hij over de laatste trends in verpakkingen, logistiek en zoveel meer.","url":"https:\/\/www.rajapack.be\/blog-be\/author\/arne-leen"}]}},"_links":{"self":[{"href":"https:\/\/www.rajapack.be\/blog-be\/wp-json\/wp\/v2\/posts\/8136"}],"collection":[{"href":"https:\/\/www.rajapack.be\/blog-be\/wp-json\/wp\/v2\/posts"}],"about":[{"href":"https:\/\/www.rajapack.be\/blog-be\/wp-json\/wp\/v2\/types\/post"}],"author":[{"embeddable":true,"href":"https:\/\/www.rajapack.be\/blog-be\/wp-json\/wp\/v2\/users\/64"}],"replies":[{"embeddable":true,"href":"https:\/\/www.rajapack.be\/blog-be\/wp-json\/wp\/v2\/comments?post=8136"}],"version-history":[{"count":2,"href":"https:\/\/www.rajapack.be\/blog-be\/wp-json\/wp\/v2\/posts\/8136\/revisions"}],"predecessor-version":[{"id":23546,"href":"https:\/\/www.rajapack.be\/blog-be\/wp-json\/wp\/v2\/posts\/8136\/revisions\/23546"}],"wp:featuredmedia":[{"embeddable":true,"href":"https:\/\/www.rajapack.be\/blog-be\/wp-json\/wp\/v2\/media\/8137"}],"wp:attachment":[{"href":"https:\/\/www.rajapack.be\/blog-be\/wp-json\/wp\/v2\/media?parent=8136"}],"wp:term":[{"taxonomy":"category","embeddable":true,"href":"https:\/\/www.rajapack.be\/blog-be\/wp-json\/wp\/v2\/categories?post=8136"},{"taxonomy":"post_tag","embeddable":true,"href":"https:\/\/www.rajapack.be\/blog-be\/wp-json\/wp\/v2\/tags?post=8136"}],"curies":[{"name":"wp","href":"https:\/\/api.w.org\/{rel}","templated":true}]}}